{"id":992,"date":"2017-04-24T17:14:48","date_gmt":"2017-04-24T15:14:48","guid":{"rendered":"https:\/\/www.abps.ch\/entretiens-2015-avec-la-presse-2\/"},"modified":"2017-06-21T16:44:15","modified_gmt":"2017-06-21T14:44:15","slug":"mediengespraech-2015","status":"publish","type":"post","link":"https:\/\/www.abps.ch\/de\/mediengespraech-2015\/","title":{"rendered":"Mediengespr\u00e4ch 2015"},"content":{"rendered":"<div>Anl\u00e4sslich ihres gemeinsamen Mediengespr\u00e4chs berichteten die Vereinigung der Schweizerischen Privatbanken (VSPB) sowie die Vereinigung der Assetmanagement- und Verm\u00f6gensverwaltungsbanken (VAV) \u00fcber Zukunftschancen f\u00fcr die einheimische Verm\u00f6gensverwaltung und \u00fcber die n\u00f6tigen Rahmenbedingungen, um diese maximal nutzen zu k\u00f6nnen.<\/div>\n<div>Die Wirtschaftsbranche befindet sich heute im v\u00f6lligen Wandel, dennoch ist sie bereit, die Herausforderung aufzunehmen.<\/div>\n","protected":false},"excerpt":{"rendered":"<p>Anl\u00e4sslich ihres gemeinsamen Mediengespr\u00e4chs berichteten die Vereinigung der Schweizerischen Privatbanken (VSPB) sowie die Vereinigung der Assetmanagement- und Verm\u00f6gensverwaltungsbanken (VAV) \u00fcber Zukunftschancen f\u00fcr die einheimische Verm\u00f6gensverwaltung und \u00fcber die n\u00f6tigen Rahmenbedingungen, um diese maximal nutzen zu k\u00f6nnen. Die Wirtschaftsbranche befindet sich heute im v\u00f6lligen Wandel, dennoch ist sie bereit, die Herausforderung aufzunehmen.<\/p>\n","protected":false},"author":1,"featured_media":0,"comment_status":"closed","ping_status":"open","sticky":false,"template":"","format":"standard","meta":{"_acf_changed":false,"footnotes":""},"categories":[2],"tags":[],"class_list":["post-992","post","type-post","status-publish","format-standard","hentry","category-unkategorisiert"],"acf":[],"yoast_head":"<!-- This site is optimized with the Yoast SEO plugin v27.4 - https:\/\/yoast.com\/product\/yoast-seo-wordpress\/ -->\n<title>Mediengespr\u00e4ch 2015 - ABPS<\/title>\n<meta name=\"robots\" content=\"index, follow, max-snippet:-1, max-image-preview:large, max-video-preview:-1\" \/>\n<link rel=\"canonical\" href=\"https:\/\/www.abps.ch\/entretiens-2015-avec-la-presse-2\/\" \/>\n<meta property=\"og:locale\" content=\"de_DE\" \/>\n<meta property=\"og:type\" content=\"article\" \/>\n<meta property=\"og:title\" content=\"Mediengespr\u00e4ch 2015 - ABPS\" \/>\n<meta property=\"og:description\" content=\"Anl\u00e4sslich ihres gemeinsamen Mediengespr\u00e4chs berichteten die Vereinigung der Schweizerischen Privatbanken (VSPB) sowie die Vereinigung der Assetmanagement- und Verm\u00f6gensverwaltungsbanken (VAV) \u00fcber Zukunftschancen f\u00fcr die einheimische Verm\u00f6gensverwaltung und \u00fcber die n\u00f6tigen Rahmenbedingungen, um diese maximal nutzen zu k\u00f6nnen. Die Wirtschaftsbranche befindet sich heute im v\u00f6lligen Wandel, dennoch ist sie bereit, die Herausforderung aufzunehmen.\" \/>\n<meta property=\"og:url\" content=\"https:\/\/www.abps.ch\/entretiens-2015-avec-la-presse-2\/\" \/>\n<meta property=\"og:site_name\" content=\"ABPS\" \/>\n<meta property=\"article:published_time\" content=\"2017-04-24T15:14:48+00:00\" \/>\n<meta property=\"article:modified_time\" content=\"2017-06-21T14:44:15+00:00\" \/>\n<meta name=\"author\" content=\"buxum\" \/>\n<meta name=\"twitter:card\" content=\"summary_large_image\" \/>\n<meta name=\"twitter:label1\" content=\"Verfasst von\" \/>\n\t<meta name=\"twitter:data1\" content=\"buxum\" \/>\n<script type=\"application\/ld+json\" class=\"yoast-schema-graph\">{\"@context\":\"https:\\\/\\\/schema.org\",\"@graph\":[{\"@type\":\"Article\",\"@id\":\"https:\\\/\\\/www.abps.ch\\\/entretiens-2015-avec-la-presse-2\\\/#article\",\"isPartOf\":{\"@id\":\"https:\\\/\\\/www.abps.ch\\\/entretiens-2015-avec-la-presse-2\\\/\"},\"author\":{\"name\":\"buxum\",\"@id\":\"https:\\\/\\\/www.abps.ch\\\/#\\\/schema\\\/person\\\/6c341875dfbdecaee5ff1ce4777f7de4\"},\"headline\":\"Mediengespr\u00e4ch 2015\",\"datePublished\":\"2017-04-24T15:14:48+00:00\",\"dateModified\":\"2017-06-21T14:44:15+00:00\",\"mainEntityOfPage\":{\"@id\":\"https:\\\/\\\/www.abps.ch\\\/entretiens-2015-avec-la-presse-2\\\/\"},\"wordCount\":61,\"articleSection\":[\"Unkategorisiert\"],\"inLanguage\":\"de\"},{\"@type\":\"WebPage\",\"@id\":\"https:\\\/\\\/www.abps.ch\\\/entretiens-2015-avec-la-presse-2\\\/\",\"url\":\"https:\\\/\\\/www.abps.ch\\\/entretiens-2015-avec-la-presse-2\\\/\",\"name\":\"Mediengespr\u00e4ch 2015 - ABPS\",\"isPartOf\":{\"@id\":\"https:\\\/\\\/www.abps.ch\\\/#website\"},\"datePublished\":\"2017-04-24T15:14:48+00:00\",\"dateModified\":\"2017-06-21T14:44:15+00:00\",\"author\":{\"@id\":\"https:\\\/\\\/www.abps.ch\\\/#\\\/schema\\\/person\\\/6c341875dfbdecaee5ff1ce4777f7de4\"},\"breadcrumb\":{\"@id\":\"https:\\\/\\\/www.abps.ch\\\/entretiens-2015-avec-la-presse-2\\\/#breadcrumb\"},\"inLanguage\":\"de\",\"potentialAction\":[{\"@type\":\"ReadAction\",\"target\":[\"https:\\\/\\\/www.abps.ch\\\/entretiens-2015-avec-la-presse-2\\\/\"]}]},{\"@type\":\"BreadcrumbList\",\"@id\":\"https:\\\/\\\/www.abps.ch\\\/entretiens-2015-avec-la-presse-2\\\/#breadcrumb\",\"itemListElement\":[{\"@type\":\"ListItem\",\"position\":1,\"name\":\"Home\",\"item\":\"https:\\\/\\\/www.abps.ch\\\/de\\\/\"},{\"@type\":\"ListItem\",\"position\":2,\"name\":\"Mediengespr\u00e4ch 2015\"}]},{\"@type\":\"WebSite\",\"@id\":\"https:\\\/\\\/www.abps.ch\\\/#website\",\"url\":\"https:\\\/\\\/www.abps.ch\\\/\",\"name\":\"ABPS\",\"description\":\"\",\"potentialAction\":[{\"@type\":\"SearchAction\",\"target\":{\"@type\":\"EntryPoint\",\"urlTemplate\":\"https:\\\/\\\/www.abps.ch\\\/?s={search_term_string}\"},\"query-input\":{\"@type\":\"PropertyValueSpecification\",\"valueRequired\":true,\"valueName\":\"search_term_string\"}}],\"inLanguage\":\"de\"},{\"@type\":\"Person\",\"@id\":\"https:\\\/\\\/www.abps.ch\\\/#\\\/schema\\\/person\\\/6c341875dfbdecaee5ff1ce4777f7de4\",\"name\":\"buxum\"}]}<\/script>\n<!-- \/ Yoast SEO plugin. -->","yoast_head_json":{"title":"Mediengespr\u00e4ch 2015 - ABPS","robots":{"index":"index","follow":"follow","max-snippet":"max-snippet:-1","max-image-preview":"max-image-preview:large","max-video-preview":"max-video-preview:-1"},"canonical":"https:\/\/www.abps.ch\/entretiens-2015-avec-la-presse-2\/","og_locale":"de_DE","og_type":"article","og_title":"Mediengespr\u00e4ch 2015 - ABPS","og_description":"Anl\u00e4sslich ihres gemeinsamen Mediengespr\u00e4chs berichteten die Vereinigung der Schweizerischen Privatbanken (VSPB) sowie die Vereinigung der Assetmanagement- und Verm\u00f6gensverwaltungsbanken (VAV) \u00fcber Zukunftschancen f\u00fcr die einheimische Verm\u00f6gensverwaltung und \u00fcber die n\u00f6tigen Rahmenbedingungen, um diese maximal nutzen zu k\u00f6nnen. Die Wirtschaftsbranche befindet sich heute im v\u00f6lligen Wandel, dennoch ist sie bereit, die Herausforderung aufzunehmen.","og_url":"https:\/\/www.abps.ch\/entretiens-2015-avec-la-presse-2\/","og_site_name":"ABPS","article_published_time":"2017-04-24T15:14:48+00:00","article_modified_time":"2017-06-21T14:44:15+00:00","author":"buxum","twitter_card":"summary_large_image","twitter_misc":{"Verfasst von":"buxum"},"schema":{"@context":"https:\/\/schema.org","@graph":[{"@type":"Article","@id":"https:\/\/www.abps.ch\/entretiens-2015-avec-la-presse-2\/#article","isPartOf":{"@id":"https:\/\/www.abps.ch\/entretiens-2015-avec-la-presse-2\/"},"author":{"name":"buxum","@id":"https:\/\/www.abps.ch\/#\/schema\/person\/6c341875dfbdecaee5ff1ce4777f7de4"},"headline":"Mediengespr\u00e4ch 2015","datePublished":"2017-04-24T15:14:48+00:00","dateModified":"2017-06-21T14:44:15+00:00","mainEntityOfPage":{"@id":"https:\/\/www.abps.ch\/entretiens-2015-avec-la-presse-2\/"},"wordCount":61,"articleSection":["Unkategorisiert"],"inLanguage":"de"},{"@type":"WebPage","@id":"https:\/\/www.abps.ch\/entretiens-2015-avec-la-presse-2\/","url":"https:\/\/www.abps.ch\/entretiens-2015-avec-la-presse-2\/","name":"Mediengespr\u00e4ch 2015 - ABPS","isPartOf":{"@id":"https:\/\/www.abps.ch\/#website"},"datePublished":"2017-04-24T15:14:48+00:00","dateModified":"2017-06-21T14:44:15+00:00","author":{"@id":"https:\/\/www.abps.ch\/#\/schema\/person\/6c341875dfbdecaee5ff1ce4777f7de4"},"breadcrumb":{"@id":"https:\/\/www.abps.ch\/entretiens-2015-avec-la-presse-2\/#breadcrumb"},"inLanguage":"de","potentialAction":[{"@type":"ReadAction","target":["https:\/\/www.abps.ch\/entretiens-2015-avec-la-presse-2\/"]}]},{"@type":"BreadcrumbList","@id":"https:\/\/www.abps.ch\/entretiens-2015-avec-la-presse-2\/#breadcrumb","itemListElement":[{"@type":"ListItem","position":1,"name":"Home","item":"https:\/\/www.abps.ch\/de\/"},{"@type":"ListItem","position":2,"name":"Mediengespr\u00e4ch 2015"}]},{"@type":"WebSite","@id":"https:\/\/www.abps.ch\/#website","url":"https:\/\/www.abps.ch\/","name":"ABPS","description":"","potentialAction":[{"@type":"SearchAction","target":{"@type":"EntryPoint","urlTemplate":"https:\/\/www.abps.ch\/?s={search_term_string}"},"query-input":{"@type":"PropertyValueSpecification","valueRequired":true,"valueName":"search_term_string"}}],"inLanguage":"de"},{"@type":"Person","@id":"https:\/\/www.abps.ch\/#\/schema\/person\/6c341875dfbdecaee5ff1ce4777f7de4","name":"buxum"}]}},"_links":{"self":[{"href":"https:\/\/www.abps.ch\/de\/wp-json\/wp\/v2\/posts\/992","targetHints":{"allow":["GET"]}}],"collection":[{"href":"https:\/\/www.abps.ch\/de\/wp-json\/wp\/v2\/posts"}],"about":[{"href":"https:\/\/www.abps.ch\/de\/wp-json\/wp\/v2\/types\/post"}],"author":[{"embeddable":true,"href":"https:\/\/www.abps.ch\/de\/wp-json\/wp\/v2\/users\/1"}],"replies":[{"embeddable":true,"href":"https:\/\/www.abps.ch\/de\/wp-json\/wp\/v2\/comments?post=992"}],"version-history":[{"count":3,"href":"https:\/\/www.abps.ch\/de\/wp-json\/wp\/v2\/posts\/992\/revisions"}],"predecessor-version":[{"id":2602,"href":"https:\/\/www.abps.ch\/de\/wp-json\/wp\/v2\/posts\/992\/revisions\/2602"}],"wp:attachment":[{"href":"https:\/\/www.abps.ch\/de\/wp-json\/wp\/v2\/media?parent=992"}],"wp:term":[{"taxonomy":"category","embeddable":true,"href":"https:\/\/www.abps.ch\/de\/wp-json\/wp\/v2\/categories?post=992"},{"taxonomy":"post_tag","embeddable":true,"href":"https:\/\/www.abps.ch\/de\/wp-json\/wp\/v2\/tags?post=992"}],"curies":[{"name":"wp","href":"https:\/\/api.w.org\/{rel}","templated":true}]}}