{"id":8091,"date":"2021-06-10T13:18:56","date_gmt":"2021-06-10T11:18:56","guid":{"rendered":"https:\/\/www.abps.ch\/?p=8091"},"modified":"2022-05-24T10:55:27","modified_gmt":"2022-05-24T08:55:27","slug":"private-banking-day-2021","status":"publish","type":"post","link":"https:\/\/www.abps.ch\/de\/private-banking-day-2021\/","title":{"rendered":"Private Banking Day 2021"},"content":{"rendered":"<p>Der Beitrag der Privatbanken zur Bek\u00e4mpfung der Ursachen und sch\u00e4dlichen Auswirkungen des Klimawandels standen im Zentrum des f\u00fcnften <a href=\"https:\/\/www.privatebankingday.ch\/\" target=\"_blank\" rel=\"noopener\">Private Banking Day<\/a>, zu dem die VSPB und die VAV heute ein physisch und virtuell zahlreich erschienenes Publikum willkommen heissen durften. Hochkar\u00e4tige Experten diskutierten \u00fcber die Voraussetzungen, die unabdingbar sind, um den Finanzplatz Schweiz als global f\u00fchrenden Hub f\u00fcr Sustainable Finance zu positionieren.<\/p>\n","protected":false},"excerpt":{"rendered":"<p>Der Beitrag der Privatbanken zur Bek\u00e4mpfung der Ursachen und sch\u00e4dlichen Auswirkungen des Klimawandels standen im Zentrum des f\u00fcnften Private Banking Day, zu dem die VSPB und die VAV heute ein physisch und virtuell zahlreich erschienenes Publikum willkommen heissen durften. Hochkar\u00e4tige Experten diskutierten \u00fcber die Voraussetzungen, die unabdingbar sind, um den Finanzplatz Schweiz als global f\u00fchrenden &hellip; <\/p>\n<p class=\"link-more\"><a href=\"https:\/\/www.abps.ch\/de\/private-banking-day-2021\/\" class=\"more-link\"><span class=\"screen-reader-text\">\u201ePrivate Banking Day 2021\u201c <\/span>weiterlesen<\/a><\/p>\n","protected":false},"author":4,"featured_media":0,"comment_status":"closed","ping_status":"open","sticky":false,"template":"","format":"standard","meta":{"_acf_changed":false,"footnotes":""},"categories":[2],"tags":[],"class_list":["post-8091","post","type-post","status-publish","format-standard","hentry","category-unkategorisiert"],"acf":[],"yoast_head":"<!-- This site is optimized with the Yoast SEO plugin v27.4 - https:\/\/yoast.com\/product\/yoast-seo-wordpress\/ -->\n<title>Private Banking Day 2021 - ABPS<\/title>\n<meta name=\"robots\" content=\"index, follow, max-snippet:-1, max-image-preview:large, max-video-preview:-1\" \/>\n<link rel=\"canonical\" href=\"https:\/\/www.abps.ch\/private-banking-day-2021\/\" \/>\n<meta property=\"og:locale\" content=\"de_DE\" \/>\n<meta property=\"og:type\" content=\"article\" \/>\n<meta property=\"og:title\" content=\"Private Banking Day 2021 - ABPS\" \/>\n<meta property=\"og:description\" content=\"Der Beitrag der Privatbanken zur Bek\u00e4mpfung der Ursachen und sch\u00e4dlichen Auswirkungen des Klimawandels standen im Zentrum des f\u00fcnften Private Banking Day, zu dem die VSPB und die VAV heute ein physisch und virtuell zahlreich erschienenes Publikum willkommen heissen durften. Hochkar\u00e4tige Experten diskutierten \u00fcber die Voraussetzungen, die unabdingbar sind, um den Finanzplatz Schweiz als global f\u00fchrenden &hellip; \u201ePrivate Banking Day 2021\u201c weiterlesen\" \/>\n<meta property=\"og:url\" content=\"https:\/\/www.abps.ch\/private-banking-day-2021\/\" \/>\n<meta property=\"og:site_name\" content=\"ABPS\" \/>\n<meta property=\"article:published_time\" content=\"2021-06-10T11:18:56+00:00\" \/>\n<meta property=\"article:modified_time\" content=\"2022-05-24T08:55:27+00:00\" \/>\n<meta name=\"author\" content=\"Anja Tou\u00efl\" \/>\n<meta name=\"twitter:card\" content=\"summary_large_image\" \/>\n<meta name=\"twitter:label1\" content=\"Verfasst von\" \/>\n\t<meta name=\"twitter:data1\" content=\"Anja Tou\u00efl\" \/>\n\t<meta name=\"twitter:label2\" content=\"Gesch\u00e4tzte Lesezeit\" \/>\n\t<meta name=\"twitter:data2\" content=\"1\u00a0Minute\" \/>\n<script type=\"application\/ld+json\" class=\"yoast-schema-graph\">{\"@context\":\"https:\\\/\\\/schema.org\",\"@graph\":[{\"@type\":\"Article\",\"@id\":\"https:\\\/\\\/www.abps.ch\\\/private-banking-day-2021\\\/#article\",\"isPartOf\":{\"@id\":\"https:\\\/\\\/www.abps.ch\\\/private-banking-day-2021\\\/\"},\"author\":{\"name\":\"Anja Tou\u00efl\",\"@id\":\"https:\\\/\\\/www.abps.ch\\\/#\\\/schema\\\/person\\\/e55c25765758e47734f546780935c81c\"},\"headline\":\"Private Banking Day 2021\",\"datePublished\":\"2021-06-10T11:18:56+00:00\",\"dateModified\":\"2022-05-24T08:55:27+00:00\",\"mainEntityOfPage\":{\"@id\":\"https:\\\/\\\/www.abps.ch\\\/private-banking-day-2021\\\/\"},\"wordCount\":70,\"articleSection\":[\"Unkategorisiert\"],\"inLanguage\":\"de\"},{\"@type\":\"WebPage\",\"@id\":\"https:\\\/\\\/www.abps.ch\\\/private-banking-day-2021\\\/\",\"url\":\"https:\\\/\\\/www.abps.ch\\\/private-banking-day-2021\\\/\",\"name\":\"Private Banking Day 2021 - ABPS\",\"isPartOf\":{\"@id\":\"https:\\\/\\\/www.abps.ch\\\/#website\"},\"datePublished\":\"2021-06-10T11:18:56+00:00\",\"dateModified\":\"2022-05-24T08:55:27+00:00\",\"author\":{\"@id\":\"https:\\\/\\\/www.abps.ch\\\/#\\\/schema\\\/person\\\/e55c25765758e47734f546780935c81c\"},\"breadcrumb\":{\"@id\":\"https:\\\/\\\/www.abps.ch\\\/private-banking-day-2021\\\/#breadcrumb\"},\"inLanguage\":\"de\",\"potentialAction\":[{\"@type\":\"ReadAction\",\"target\":[\"https:\\\/\\\/www.abps.ch\\\/private-banking-day-2021\\\/\"]}]},{\"@type\":\"BreadcrumbList\",\"@id\":\"https:\\\/\\\/www.abps.ch\\\/private-banking-day-2021\\\/#breadcrumb\",\"itemListElement\":[{\"@type\":\"ListItem\",\"position\":1,\"name\":\"Home\",\"item\":\"https:\\\/\\\/www.abps.ch\\\/de\\\/\"},{\"@type\":\"ListItem\",\"position\":2,\"name\":\"Private Banking Day 2021\"}]},{\"@type\":\"WebSite\",\"@id\":\"https:\\\/\\\/www.abps.ch\\\/#website\",\"url\":\"https:\\\/\\\/www.abps.ch\\\/\",\"name\":\"ABPS\",\"description\":\"\",\"potentialAction\":[{\"@type\":\"SearchAction\",\"target\":{\"@type\":\"EntryPoint\",\"urlTemplate\":\"https:\\\/\\\/www.abps.ch\\\/?s={search_term_string}\"},\"query-input\":{\"@type\":\"PropertyValueSpecification\",\"valueRequired\":true,\"valueName\":\"search_term_string\"}}],\"inLanguage\":\"de\"},{\"@type\":\"Person\",\"@id\":\"https:\\\/\\\/www.abps.ch\\\/#\\\/schema\\\/person\\\/e55c25765758e47734f546780935c81c\",\"name\":\"Anja Tou\u00efl\"}]}<\/script>\n<!-- \/ Yoast SEO plugin. -->","yoast_head_json":{"title":"Private Banking Day 2021 - ABPS","robots":{"index":"index","follow":"follow","max-snippet":"max-snippet:-1","max-image-preview":"max-image-preview:large","max-video-preview":"max-video-preview:-1"},"canonical":"https:\/\/www.abps.ch\/private-banking-day-2021\/","og_locale":"de_DE","og_type":"article","og_title":"Private Banking Day 2021 - ABPS","og_description":"Der Beitrag der Privatbanken zur Bek\u00e4mpfung der Ursachen und sch\u00e4dlichen Auswirkungen des Klimawandels standen im Zentrum des f\u00fcnften Private Banking Day, zu dem die VSPB und die VAV heute ein physisch und virtuell zahlreich erschienenes Publikum willkommen heissen durften. Hochkar\u00e4tige Experten diskutierten \u00fcber die Voraussetzungen, die unabdingbar sind, um den Finanzplatz Schweiz als global f\u00fchrenden &hellip; \u201ePrivate Banking Day 2021\u201c weiterlesen","og_url":"https:\/\/www.abps.ch\/private-banking-day-2021\/","og_site_name":"ABPS","article_published_time":"2021-06-10T11:18:56+00:00","article_modified_time":"2022-05-24T08:55:27+00:00","author":"Anja Tou\u00efl","twitter_card":"summary_large_image","twitter_misc":{"Verfasst von":"Anja Tou\u00efl","Gesch\u00e4tzte Lesezeit":"1\u00a0Minute"},"schema":{"@context":"https:\/\/schema.org","@graph":[{"@type":"Article","@id":"https:\/\/www.abps.ch\/private-banking-day-2021\/#article","isPartOf":{"@id":"https:\/\/www.abps.ch\/private-banking-day-2021\/"},"author":{"name":"Anja Tou\u00efl","@id":"https:\/\/www.abps.ch\/#\/schema\/person\/e55c25765758e47734f546780935c81c"},"headline":"Private Banking Day 2021","datePublished":"2021-06-10T11:18:56+00:00","dateModified":"2022-05-24T08:55:27+00:00","mainEntityOfPage":{"@id":"https:\/\/www.abps.ch\/private-banking-day-2021\/"},"wordCount":70,"articleSection":["Unkategorisiert"],"inLanguage":"de"},{"@type":"WebPage","@id":"https:\/\/www.abps.ch\/private-banking-day-2021\/","url":"https:\/\/www.abps.ch\/private-banking-day-2021\/","name":"Private Banking Day 2021 - ABPS","isPartOf":{"@id":"https:\/\/www.abps.ch\/#website"},"datePublished":"2021-06-10T11:18:56+00:00","dateModified":"2022-05-24T08:55:27+00:00","author":{"@id":"https:\/\/www.abps.ch\/#\/schema\/person\/e55c25765758e47734f546780935c81c"},"breadcrumb":{"@id":"https:\/\/www.abps.ch\/private-banking-day-2021\/#breadcrumb"},"inLanguage":"de","potentialAction":[{"@type":"ReadAction","target":["https:\/\/www.abps.ch\/private-banking-day-2021\/"]}]},{"@type":"BreadcrumbList","@id":"https:\/\/www.abps.ch\/private-banking-day-2021\/#breadcrumb","itemListElement":[{"@type":"ListItem","position":1,"name":"Home","item":"https:\/\/www.abps.ch\/de\/"},{"@type":"ListItem","position":2,"name":"Private Banking Day 2021"}]},{"@type":"WebSite","@id":"https:\/\/www.abps.ch\/#website","url":"https:\/\/www.abps.ch\/","name":"ABPS","description":"","potentialAction":[{"@type":"SearchAction","target":{"@type":"EntryPoint","urlTemplate":"https:\/\/www.abps.ch\/?s={search_term_string}"},"query-input":{"@type":"PropertyValueSpecification","valueRequired":true,"valueName":"search_term_string"}}],"inLanguage":"de"},{"@type":"Person","@id":"https:\/\/www.abps.ch\/#\/schema\/person\/e55c25765758e47734f546780935c81c","name":"Anja Tou\u00efl"}]}},"_links":{"self":[{"href":"https:\/\/www.abps.ch\/de\/wp-json\/wp\/v2\/posts\/8091","targetHints":{"allow":["GET"]}}],"collection":[{"href":"https:\/\/www.abps.ch\/de\/wp-json\/wp\/v2\/posts"}],"about":[{"href":"https:\/\/www.abps.ch\/de\/wp-json\/wp\/v2\/types\/post"}],"author":[{"embeddable":true,"href":"https:\/\/www.abps.ch\/de\/wp-json\/wp\/v2\/users\/4"}],"replies":[{"embeddable":true,"href":"https:\/\/www.abps.ch\/de\/wp-json\/wp\/v2\/comments?post=8091"}],"version-history":[{"count":8,"href":"https:\/\/www.abps.ch\/de\/wp-json\/wp\/v2\/posts\/8091\/revisions"}],"predecessor-version":[{"id":10995,"href":"https:\/\/www.abps.ch\/de\/wp-json\/wp\/v2\/posts\/8091\/revisions\/10995"}],"wp:attachment":[{"href":"https:\/\/www.abps.ch\/de\/wp-json\/wp\/v2\/media?parent=8091"}],"wp:term":[{"taxonomy":"category","embeddable":true,"href":"https:\/\/www.abps.ch\/de\/wp-json\/wp\/v2\/categories?post=8091"},{"taxonomy":"post_tag","embeddable":true,"href":"https:\/\/www.abps.ch\/de\/wp-json\/wp\/v2\/tags?post=8091"}],"curies":[{"name":"wp","href":"https:\/\/api.w.org\/{rel}","templated":true}]}}