{"id":6756,"date":"2020-05-29T14:36:58","date_gmt":"2020-05-29T12:36:58","guid":{"rendered":"https:\/\/www.abps.ch\/?p=6756"},"modified":"2020-05-29T14:41:20","modified_gmt":"2020-05-29T12:41:20","slug":"bleiben-wir-optimistisch","status":"publish","type":"post","link":"https:\/\/www.abps.ch\/de\/bleiben-wir-optimistisch\/","title":{"rendered":"Bleiben wir optimistisch!"},"content":{"rendered":"<p>Anl\u00e4sslich der Ver\u00f6ffentlichung des Jahresberichts 2019 der Vereinigung Schweizerischer Privatbanken (VSPB) erinnert deren Pr\u00e4sident Yves Mirabaud im \u00ab Agefi\u00bb an die guten Nachrichten des vergangenen Jahres. Mit Blick \u00fcber die aktuelle Wirtschaftskrise hinaus sieht die VSPB f\u00fcr die Schweiz im kommenden Jahr drei grosse Herausfor- derungen: die Stabilisierung ihrer Beziehungen zur Europ\u00e4ischen Union, die Entwicklung einer glaubw\u00fcrdigen Strategie f\u00fcr nachhaltige Finanzprodukte sowie den Abbau von Hindernissen im Rahmen der Verrechnungssteuer und den Stempelabgaben.<\/p>\n<p>Um andere Neuigkeiten der VSPB zu sehen, <a href=\"https:\/\/www.abps.ch\/newsletter\/latest-news-mai-2020\/\">klicken Sie hier<\/a>.<\/p>\n","protected":false},"excerpt":{"rendered":"<p>Anl\u00e4sslich der Ver\u00f6ffentlichung des Jahresberichts 2019 der Vereinigung Schweizerischer Privatbanken (VSPB) erinnert deren Pr\u00e4sident Yves Mirabaud im \u00ab Agefi\u00bb an die guten Nachrichten des vergangenen Jahres. Mit Blick \u00fcber die aktuelle Wirtschaftskrise hinaus sieht die VSPB f\u00fcr die Schweiz im kommenden Jahr drei grosse Herausfor- derungen: die Stabilisierung ihrer Beziehungen zur Europ\u00e4ischen Union, die Entwicklung &hellip; <\/p>\n<p class=\"link-more\"><a href=\"https:\/\/www.abps.ch\/de\/bleiben-wir-optimistisch\/\" class=\"more-link\"><span class=\"screen-reader-text\">\u201eBleiben wir optimistisch!\u201c <\/span>weiterlesen<\/a><\/p>\n","protected":false},"author":4,"featured_media":0,"comment_status":"closed","ping_status":"open","sticky":false,"template":"","format":"standard","meta":{"_acf_changed":false,"footnotes":""},"categories":[2],"tags":[],"class_list":["post-6756","post","type-post","status-publish","format-standard","hentry","category-unkategorisiert"],"acf":[],"yoast_head":"<!-- This site is optimized with the Yoast SEO plugin v27.4 - https:\/\/yoast.com\/product\/yoast-seo-wordpress\/ -->\n<title>Bleiben wir optimistisch! - ABPS<\/title>\n<meta name=\"robots\" content=\"index, follow, max-snippet:-1, max-image-preview:large, max-video-preview:-1\" \/>\n<link rel=\"canonical\" href=\"https:\/\/www.abps.ch\/restons-optimistes\/\" \/>\n<meta property=\"og:locale\" content=\"de_DE\" \/>\n<meta property=\"og:type\" content=\"article\" \/>\n<meta property=\"og:title\" content=\"Bleiben wir optimistisch! - ABPS\" \/>\n<meta property=\"og:description\" content=\"Anl\u00e4sslich der Ver\u00f6ffentlichung des Jahresberichts 2019 der Vereinigung Schweizerischer Privatbanken (VSPB) erinnert deren Pr\u00e4sident Yves Mirabaud im \u00ab Agefi\u00bb an die guten Nachrichten des vergangenen Jahres. Mit Blick \u00fcber die aktuelle Wirtschaftskrise hinaus sieht die VSPB f\u00fcr die Schweiz im kommenden Jahr drei grosse Herausfor- derungen: die Stabilisierung ihrer Beziehungen zur Europ\u00e4ischen Union, die Entwicklung &hellip; \u201eBleiben wir optimistisch!\u201c weiterlesen\" \/>\n<meta property=\"og:url\" content=\"https:\/\/www.abps.ch\/restons-optimistes\/\" \/>\n<meta property=\"og:site_name\" content=\"ABPS\" \/>\n<meta property=\"article:published_time\" content=\"2020-05-29T12:36:58+00:00\" \/>\n<meta property=\"article:modified_time\" content=\"2020-05-29T12:41:20+00:00\" \/>\n<meta name=\"author\" content=\"Anja Tou\u00efl\" \/>\n<meta name=\"twitter:card\" content=\"summary_large_image\" \/>\n<meta name=\"twitter:label1\" content=\"Verfasst von\" \/>\n\t<meta name=\"twitter:data1\" content=\"Anja Tou\u00efl\" \/>\n<script type=\"application\/ld+json\" class=\"yoast-schema-graph\">{\"@context\":\"https:\\\/\\\/schema.org\",\"@graph\":[{\"@type\":\"Article\",\"@id\":\"https:\\\/\\\/www.abps.ch\\\/restons-optimistes\\\/#article\",\"isPartOf\":{\"@id\":\"https:\\\/\\\/www.abps.ch\\\/restons-optimistes\\\/\"},\"author\":{\"name\":\"Anja Tou\u00efl\",\"@id\":\"https:\\\/\\\/www.abps.ch\\\/#\\\/schema\\\/person\\\/e55c25765758e47734f546780935c81c\"},\"headline\":\"Bleiben wir optimistisch!\",\"datePublished\":\"2020-05-29T12:36:58+00:00\",\"dateModified\":\"2020-05-29T12:41:20+00:00\",\"mainEntityOfPage\":{\"@id\":\"https:\\\/\\\/www.abps.ch\\\/restons-optimistes\\\/\"},\"wordCount\":91,\"articleSection\":[\"Unkategorisiert\"],\"inLanguage\":\"de\"},{\"@type\":\"WebPage\",\"@id\":\"https:\\\/\\\/www.abps.ch\\\/restons-optimistes\\\/\",\"url\":\"https:\\\/\\\/www.abps.ch\\\/restons-optimistes\\\/\",\"name\":\"Bleiben wir optimistisch! - ABPS\",\"isPartOf\":{\"@id\":\"https:\\\/\\\/www.abps.ch\\\/#website\"},\"datePublished\":\"2020-05-29T12:36:58+00:00\",\"dateModified\":\"2020-05-29T12:41:20+00:00\",\"author\":{\"@id\":\"https:\\\/\\\/www.abps.ch\\\/#\\\/schema\\\/person\\\/e55c25765758e47734f546780935c81c\"},\"breadcrumb\":{\"@id\":\"https:\\\/\\\/www.abps.ch\\\/restons-optimistes\\\/#breadcrumb\"},\"inLanguage\":\"de\",\"potentialAction\":[{\"@type\":\"ReadAction\",\"target\":[\"https:\\\/\\\/www.abps.ch\\\/restons-optimistes\\\/\"]}]},{\"@type\":\"BreadcrumbList\",\"@id\":\"https:\\\/\\\/www.abps.ch\\\/restons-optimistes\\\/#breadcrumb\",\"itemListElement\":[{\"@type\":\"ListItem\",\"position\":1,\"name\":\"Home\",\"item\":\"https:\\\/\\\/www.abps.ch\\\/de\\\/\"},{\"@type\":\"ListItem\",\"position\":2,\"name\":\"Bleiben wir optimistisch!\"}]},{\"@type\":\"WebSite\",\"@id\":\"https:\\\/\\\/www.abps.ch\\\/#website\",\"url\":\"https:\\\/\\\/www.abps.ch\\\/\",\"name\":\"ABPS\",\"description\":\"\",\"potentialAction\":[{\"@type\":\"SearchAction\",\"target\":{\"@type\":\"EntryPoint\",\"urlTemplate\":\"https:\\\/\\\/www.abps.ch\\\/?s={search_term_string}\"},\"query-input\":{\"@type\":\"PropertyValueSpecification\",\"valueRequired\":true,\"valueName\":\"search_term_string\"}}],\"inLanguage\":\"de\"},{\"@type\":\"Person\",\"@id\":\"https:\\\/\\\/www.abps.ch\\\/#\\\/schema\\\/person\\\/e55c25765758e47734f546780935c81c\",\"name\":\"Anja Tou\u00efl\"}]}<\/script>\n<!-- \/ Yoast SEO plugin. -->","yoast_head_json":{"title":"Bleiben wir optimistisch! - ABPS","robots":{"index":"index","follow":"follow","max-snippet":"max-snippet:-1","max-image-preview":"max-image-preview:large","max-video-preview":"max-video-preview:-1"},"canonical":"https:\/\/www.abps.ch\/restons-optimistes\/","og_locale":"de_DE","og_type":"article","og_title":"Bleiben wir optimistisch! - ABPS","og_description":"Anl\u00e4sslich der Ver\u00f6ffentlichung des Jahresberichts 2019 der Vereinigung Schweizerischer Privatbanken (VSPB) erinnert deren Pr\u00e4sident Yves Mirabaud im \u00ab Agefi\u00bb an die guten Nachrichten des vergangenen Jahres. Mit Blick \u00fcber die aktuelle Wirtschaftskrise hinaus sieht die VSPB f\u00fcr die Schweiz im kommenden Jahr drei grosse Herausfor- derungen: die Stabilisierung ihrer Beziehungen zur Europ\u00e4ischen Union, die Entwicklung &hellip; \u201eBleiben wir optimistisch!\u201c weiterlesen","og_url":"https:\/\/www.abps.ch\/restons-optimistes\/","og_site_name":"ABPS","article_published_time":"2020-05-29T12:36:58+00:00","article_modified_time":"2020-05-29T12:41:20+00:00","author":"Anja Tou\u00efl","twitter_card":"summary_large_image","twitter_misc":{"Verfasst von":"Anja Tou\u00efl"},"schema":{"@context":"https:\/\/schema.org","@graph":[{"@type":"Article","@id":"https:\/\/www.abps.ch\/restons-optimistes\/#article","isPartOf":{"@id":"https:\/\/www.abps.ch\/restons-optimistes\/"},"author":{"name":"Anja Tou\u00efl","@id":"https:\/\/www.abps.ch\/#\/schema\/person\/e55c25765758e47734f546780935c81c"},"headline":"Bleiben wir optimistisch!","datePublished":"2020-05-29T12:36:58+00:00","dateModified":"2020-05-29T12:41:20+00:00","mainEntityOfPage":{"@id":"https:\/\/www.abps.ch\/restons-optimistes\/"},"wordCount":91,"articleSection":["Unkategorisiert"],"inLanguage":"de"},{"@type":"WebPage","@id":"https:\/\/www.abps.ch\/restons-optimistes\/","url":"https:\/\/www.abps.ch\/restons-optimistes\/","name":"Bleiben wir optimistisch! - ABPS","isPartOf":{"@id":"https:\/\/www.abps.ch\/#website"},"datePublished":"2020-05-29T12:36:58+00:00","dateModified":"2020-05-29T12:41:20+00:00","author":{"@id":"https:\/\/www.abps.ch\/#\/schema\/person\/e55c25765758e47734f546780935c81c"},"breadcrumb":{"@id":"https:\/\/www.abps.ch\/restons-optimistes\/#breadcrumb"},"inLanguage":"de","potentialAction":[{"@type":"ReadAction","target":["https:\/\/www.abps.ch\/restons-optimistes\/"]}]},{"@type":"BreadcrumbList","@id":"https:\/\/www.abps.ch\/restons-optimistes\/#breadcrumb","itemListElement":[{"@type":"ListItem","position":1,"name":"Home","item":"https:\/\/www.abps.ch\/de\/"},{"@type":"ListItem","position":2,"name":"Bleiben wir optimistisch!"}]},{"@type":"WebSite","@id":"https:\/\/www.abps.ch\/#website","url":"https:\/\/www.abps.ch\/","name":"ABPS","description":"","potentialAction":[{"@type":"SearchAction","target":{"@type":"EntryPoint","urlTemplate":"https:\/\/www.abps.ch\/?s={search_term_string}"},"query-input":{"@type":"PropertyValueSpecification","valueRequired":true,"valueName":"search_term_string"}}],"inLanguage":"de"},{"@type":"Person","@id":"https:\/\/www.abps.ch\/#\/schema\/person\/e55c25765758e47734f546780935c81c","name":"Anja Tou\u00efl"}]}},"_links":{"self":[{"href":"https:\/\/www.abps.ch\/de\/wp-json\/wp\/v2\/posts\/6756","targetHints":{"allow":["GET"]}}],"collection":[{"href":"https:\/\/www.abps.ch\/de\/wp-json\/wp\/v2\/posts"}],"about":[{"href":"https:\/\/www.abps.ch\/de\/wp-json\/wp\/v2\/types\/post"}],"author":[{"embeddable":true,"href":"https:\/\/www.abps.ch\/de\/wp-json\/wp\/v2\/users\/4"}],"replies":[{"embeddable":true,"href":"https:\/\/www.abps.ch\/de\/wp-json\/wp\/v2\/comments?post=6756"}],"version-history":[{"count":4,"href":"https:\/\/www.abps.ch\/de\/wp-json\/wp\/v2\/posts\/6756\/revisions"}],"predecessor-version":[{"id":6769,"href":"https:\/\/www.abps.ch\/de\/wp-json\/wp\/v2\/posts\/6756\/revisions\/6769"}],"wp:attachment":[{"href":"https:\/\/www.abps.ch\/de\/wp-json\/wp\/v2\/media?parent=6756"}],"wp:term":[{"taxonomy":"category","embeddable":true,"href":"https:\/\/www.abps.ch\/de\/wp-json\/wp\/v2\/categories?post=6756"},{"taxonomy":"post_tag","embeddable":true,"href":"https:\/\/www.abps.ch\/de\/wp-json\/wp\/v2\/tags?post=6756"}],"curies":[{"name":"wp","href":"https:\/\/api.w.org\/{rel}","templated":true}]}}