{"id":4813,"date":"2019-05-17T12:00:24","date_gmt":"2019-05-17T10:00:24","guid":{"rendered":"https:\/\/www.abps.ch\/?p=4813"},"modified":"2019-05-17T08:07:14","modified_gmt":"2019-05-17T06:07:14","slug":"latest-news-2","status":"publish","type":"post","link":"https:\/\/www.abps.ch\/de\/latest-news-2\/","title":{"rendered":"Private Banking Day 2019"},"content":{"rendered":"<p>Die zunehmende Gefahr durch Cyber-Attacken und Wege, diese effizient zu bek\u00e4mpfen, standen im Zentrum des vierten Private Banking Day, zu dem die VSPB und die VAV heute in Luzern geladen hatten. Hochkar\u00e4tige Experten referierten \u00fcber globale und nationale Herausforderungen und diskutierten \u00fcber konkrete Gefahren und m\u00f6gliche Chancen f\u00fcr die Schweiz und ihren Finanzplatz.<\/p>\n","protected":false},"excerpt":{"rendered":"<p>Die zunehmende Gefahr durch Cyber-Attacken und Wege, diese effizient zu bek\u00e4mpfen, standen im Zentrum des vierten Private Banking Day, zu dem die VSPB und die VAV heute in Luzern geladen hatten. Hochkar\u00e4tige Experten referierten \u00fcber globale und nationale Herausforderungen und diskutierten \u00fcber konkrete Gefahren und m\u00f6gliche Chancen f\u00fcr die Schweiz und ihren Finanzplatz.<\/p>\n","protected":false},"author":4,"featured_media":0,"comment_status":"closed","ping_status":"open","sticky":false,"template":"","format":"standard","meta":{"_acf_changed":false,"footnotes":""},"categories":[2],"tags":[],"class_list":["post-4813","post","type-post","status-publish","format-standard","hentry","category-unkategorisiert"],"acf":[],"yoast_head":"<!-- This site is optimized with the Yoast SEO plugin v27.4 - https:\/\/yoast.com\/product\/yoast-seo-wordpress\/ -->\n<title>Private Banking Day 2019 - ABPS<\/title>\n<meta name=\"robots\" content=\"index, follow, max-snippet:-1, max-image-preview:large, max-video-preview:-1\" \/>\n<link rel=\"canonical\" href=\"https:\/\/www.abps.ch\/latest-news-2\/\" \/>\n<meta property=\"og:locale\" content=\"de_DE\" \/>\n<meta property=\"og:type\" content=\"article\" \/>\n<meta property=\"og:title\" content=\"Private Banking Day 2019 - ABPS\" \/>\n<meta property=\"og:description\" content=\"Die zunehmende Gefahr durch Cyber-Attacken und Wege, diese effizient zu bek\u00e4mpfen, standen im Zentrum des vierten Private Banking Day, zu dem die VSPB und die VAV heute in Luzern geladen hatten. Hochkar\u00e4tige Experten referierten \u00fcber globale und nationale Herausforderungen und diskutierten \u00fcber konkrete Gefahren und m\u00f6gliche Chancen f\u00fcr die Schweiz und ihren Finanzplatz.\" \/>\n<meta property=\"og:url\" content=\"https:\/\/www.abps.ch\/latest-news-2\/\" \/>\n<meta property=\"og:site_name\" content=\"ABPS\" \/>\n<meta property=\"article:published_time\" content=\"2019-05-17T10:00:24+00:00\" \/>\n<meta name=\"author\" content=\"Anja Tou\u00efl\" \/>\n<meta name=\"twitter:card\" content=\"summary_large_image\" \/>\n<meta name=\"twitter:label1\" content=\"Verfasst von\" \/>\n\t<meta name=\"twitter:data1\" content=\"Anja Tou\u00efl\" \/>\n<script type=\"application\/ld+json\" class=\"yoast-schema-graph\">{\"@context\":\"https:\\\/\\\/schema.org\",\"@graph\":[{\"@type\":\"Article\",\"@id\":\"https:\\\/\\\/www.abps.ch\\\/latest-news-2\\\/#article\",\"isPartOf\":{\"@id\":\"https:\\\/\\\/www.abps.ch\\\/latest-news-2\\\/\"},\"author\":{\"name\":\"Anja Tou\u00efl\",\"@id\":\"https:\\\/\\\/www.abps.ch\\\/#\\\/schema\\\/person\\\/e55c25765758e47734f546780935c81c\"},\"headline\":\"Private Banking Day 2019\",\"datePublished\":\"2019-05-17T10:00:24+00:00\",\"mainEntityOfPage\":{\"@id\":\"https:\\\/\\\/www.abps.ch\\\/latest-news-2\\\/\"},\"wordCount\":60,\"articleSection\":[\"Unkategorisiert\"],\"inLanguage\":\"de\"},{\"@type\":\"WebPage\",\"@id\":\"https:\\\/\\\/www.abps.ch\\\/latest-news-2\\\/\",\"url\":\"https:\\\/\\\/www.abps.ch\\\/latest-news-2\\\/\",\"name\":\"Private Banking Day 2019 - ABPS\",\"isPartOf\":{\"@id\":\"https:\\\/\\\/www.abps.ch\\\/#website\"},\"datePublished\":\"2019-05-17T10:00:24+00:00\",\"author\":{\"@id\":\"https:\\\/\\\/www.abps.ch\\\/#\\\/schema\\\/person\\\/e55c25765758e47734f546780935c81c\"},\"breadcrumb\":{\"@id\":\"https:\\\/\\\/www.abps.ch\\\/latest-news-2\\\/#breadcrumb\"},\"inLanguage\":\"de\",\"potentialAction\":[{\"@type\":\"ReadAction\",\"target\":[\"https:\\\/\\\/www.abps.ch\\\/latest-news-2\\\/\"]}]},{\"@type\":\"BreadcrumbList\",\"@id\":\"https:\\\/\\\/www.abps.ch\\\/latest-news-2\\\/#breadcrumb\",\"itemListElement\":[{\"@type\":\"ListItem\",\"position\":1,\"name\":\"Home\",\"item\":\"https:\\\/\\\/www.abps.ch\\\/de\\\/\"},{\"@type\":\"ListItem\",\"position\":2,\"name\":\"Private Banking Day 2019\"}]},{\"@type\":\"WebSite\",\"@id\":\"https:\\\/\\\/www.abps.ch\\\/#website\",\"url\":\"https:\\\/\\\/www.abps.ch\\\/\",\"name\":\"ABPS\",\"description\":\"\",\"potentialAction\":[{\"@type\":\"SearchAction\",\"target\":{\"@type\":\"EntryPoint\",\"urlTemplate\":\"https:\\\/\\\/www.abps.ch\\\/?s={search_term_string}\"},\"query-input\":{\"@type\":\"PropertyValueSpecification\",\"valueRequired\":true,\"valueName\":\"search_term_string\"}}],\"inLanguage\":\"de\"},{\"@type\":\"Person\",\"@id\":\"https:\\\/\\\/www.abps.ch\\\/#\\\/schema\\\/person\\\/e55c25765758e47734f546780935c81c\",\"name\":\"Anja Tou\u00efl\"}]}<\/script>\n<!-- \/ Yoast SEO plugin. -->","yoast_head_json":{"title":"Private Banking Day 2019 - ABPS","robots":{"index":"index","follow":"follow","max-snippet":"max-snippet:-1","max-image-preview":"max-image-preview:large","max-video-preview":"max-video-preview:-1"},"canonical":"https:\/\/www.abps.ch\/latest-news-2\/","og_locale":"de_DE","og_type":"article","og_title":"Private Banking Day 2019 - ABPS","og_description":"Die zunehmende Gefahr durch Cyber-Attacken und Wege, diese effizient zu bek\u00e4mpfen, standen im Zentrum des vierten Private Banking Day, zu dem die VSPB und die VAV heute in Luzern geladen hatten. Hochkar\u00e4tige Experten referierten \u00fcber globale und nationale Herausforderungen und diskutierten \u00fcber konkrete Gefahren und m\u00f6gliche Chancen f\u00fcr die Schweiz und ihren Finanzplatz.","og_url":"https:\/\/www.abps.ch\/latest-news-2\/","og_site_name":"ABPS","article_published_time":"2019-05-17T10:00:24+00:00","author":"Anja Tou\u00efl","twitter_card":"summary_large_image","twitter_misc":{"Verfasst von":"Anja Tou\u00efl"},"schema":{"@context":"https:\/\/schema.org","@graph":[{"@type":"Article","@id":"https:\/\/www.abps.ch\/latest-news-2\/#article","isPartOf":{"@id":"https:\/\/www.abps.ch\/latest-news-2\/"},"author":{"name":"Anja Tou\u00efl","@id":"https:\/\/www.abps.ch\/#\/schema\/person\/e55c25765758e47734f546780935c81c"},"headline":"Private Banking Day 2019","datePublished":"2019-05-17T10:00:24+00:00","mainEntityOfPage":{"@id":"https:\/\/www.abps.ch\/latest-news-2\/"},"wordCount":60,"articleSection":["Unkategorisiert"],"inLanguage":"de"},{"@type":"WebPage","@id":"https:\/\/www.abps.ch\/latest-news-2\/","url":"https:\/\/www.abps.ch\/latest-news-2\/","name":"Private Banking Day 2019 - ABPS","isPartOf":{"@id":"https:\/\/www.abps.ch\/#website"},"datePublished":"2019-05-17T10:00:24+00:00","author":{"@id":"https:\/\/www.abps.ch\/#\/schema\/person\/e55c25765758e47734f546780935c81c"},"breadcrumb":{"@id":"https:\/\/www.abps.ch\/latest-news-2\/#breadcrumb"},"inLanguage":"de","potentialAction":[{"@type":"ReadAction","target":["https:\/\/www.abps.ch\/latest-news-2\/"]}]},{"@type":"BreadcrumbList","@id":"https:\/\/www.abps.ch\/latest-news-2\/#breadcrumb","itemListElement":[{"@type":"ListItem","position":1,"name":"Home","item":"https:\/\/www.abps.ch\/de\/"},{"@type":"ListItem","position":2,"name":"Private Banking Day 2019"}]},{"@type":"WebSite","@id":"https:\/\/www.abps.ch\/#website","url":"https:\/\/www.abps.ch\/","name":"ABPS","description":"","potentialAction":[{"@type":"SearchAction","target":{"@type":"EntryPoint","urlTemplate":"https:\/\/www.abps.ch\/?s={search_term_string}"},"query-input":{"@type":"PropertyValueSpecification","valueRequired":true,"valueName":"search_term_string"}}],"inLanguage":"de"},{"@type":"Person","@id":"https:\/\/www.abps.ch\/#\/schema\/person\/e55c25765758e47734f546780935c81c","name":"Anja Tou\u00efl"}]}},"_links":{"self":[{"href":"https:\/\/www.abps.ch\/de\/wp-json\/wp\/v2\/posts\/4813","targetHints":{"allow":["GET"]}}],"collection":[{"href":"https:\/\/www.abps.ch\/de\/wp-json\/wp\/v2\/posts"}],"about":[{"href":"https:\/\/www.abps.ch\/de\/wp-json\/wp\/v2\/types\/post"}],"author":[{"embeddable":true,"href":"https:\/\/www.abps.ch\/de\/wp-json\/wp\/v2\/users\/4"}],"replies":[{"embeddable":true,"href":"https:\/\/www.abps.ch\/de\/wp-json\/wp\/v2\/comments?post=4813"}],"version-history":[{"count":4,"href":"https:\/\/www.abps.ch\/de\/wp-json\/wp\/v2\/posts\/4813\/revisions"}],"predecessor-version":[{"id":4864,"href":"https:\/\/www.abps.ch\/de\/wp-json\/wp\/v2\/posts\/4813\/revisions\/4864"}],"wp:attachment":[{"href":"https:\/\/www.abps.ch\/de\/wp-json\/wp\/v2\/media?parent=4813"}],"wp:term":[{"taxonomy":"category","embeddable":true,"href":"https:\/\/www.abps.ch\/de\/wp-json\/wp\/v2\/categories?post=4813"},{"taxonomy":"post_tag","embeddable":true,"href":"https:\/\/www.abps.ch\/de\/wp-json\/wp\/v2\/tags?post=4813"}],"curies":[{"name":"wp","href":"https:\/\/api.w.org\/{rel}","templated":true}]}}