{"id":15852,"date":"2025-09-05T14:12:51","date_gmt":"2025-09-05T12:12:51","guid":{"rendered":"https:\/\/www.abps.ch\/?p=15852"},"modified":"2025-09-10T09:30:12","modified_gmt":"2025-09-10T07:30:12","slug":"wer-uebernimmt-verantwortung","status":"publish","type":"post","link":"https:\/\/www.abps.ch\/de\/wer-uebernimmt-verantwortung\/","title":{"rendered":"Wer \u00fcbernimmt Verantwortung?"},"content":{"rendered":"<p>Die f\u00fcnf \u00fcbrig bleibenden Privatbankiers in der Schweiz haben Dr. Adriel Jost (freischaffender \u00d6konom und Publizist) beauftragt, einen Essay zur Entwicklung der pers\u00f6nlichen Haftung und Verantwortung im Bankwesen zu verfassen. Sein Fazit: Banken, die auf pers\u00f6nlicher Haftung basieren, verdienen auch eine differenzierte Regulierung. So bleibt der Schweizer Finanzplatz stabil, diversifiziert und vertrauensw\u00fcrdig.<\/p>\n","protected":false},"excerpt":{"rendered":"<p>Die f\u00fcnf \u00fcbrig bleibenden Privatbankiers in der Schweiz haben Dr. Adriel Jost (freischaffender \u00d6konom und Publizist) beauftragt, einen Essay zur Entwicklung der pers\u00f6nlichen Haftung und Verantwortung im Bankwesen zu verfassen. Sein Fazit: Banken, die auf pers\u00f6nlicher Haftung basieren, verdienen auch eine differenzierte Regulierung. So bleibt der Schweizer Finanzplatz stabil, diversifiziert und vertrauensw\u00fcrdig.<\/p>\n","protected":false},"author":4,"featured_media":0,"comment_status":"closed","ping_status":"open","sticky":false,"template":"","format":"standard","meta":{"_acf_changed":false,"footnotes":""},"categories":[2],"tags":[],"class_list":["post-15852","post","type-post","status-publish","format-standard","hentry","category-unkategorisiert"],"acf":[],"yoast_head":"<!-- This site is optimized with the Yoast SEO plugin v27.4 - https:\/\/yoast.com\/product\/yoast-seo-wordpress\/ -->\n<title>Wer \u00fcbernimmt Verantwortung? - ABPS<\/title>\n<meta name=\"robots\" content=\"noindex, follow\" \/>\n<meta property=\"og:locale\" content=\"de_DE\" \/>\n<meta property=\"og:type\" content=\"article\" \/>\n<meta property=\"og:title\" content=\"Wer \u00fcbernimmt Verantwortung? - ABPS\" \/>\n<meta property=\"og:description\" content=\"Die f\u00fcnf \u00fcbrig bleibenden Privatbankiers in der Schweiz haben Dr. Adriel Jost (freischaffender \u00d6konom und Publizist) beauftragt, einen Essay zur Entwicklung der pers\u00f6nlichen Haftung und Verantwortung im Bankwesen zu verfassen. Sein Fazit: Banken, die auf pers\u00f6nlicher Haftung basieren, verdienen auch eine differenzierte Regulierung. So bleibt der Schweizer Finanzplatz stabil, diversifiziert und vertrauensw\u00fcrdig.\" \/>\n<meta property=\"og:url\" content=\"https:\/\/www.abps.ch\/de\/wer-uebernimmt-verantwortung\/\" \/>\n<meta property=\"og:site_name\" content=\"ABPS\" \/>\n<meta property=\"article:published_time\" content=\"2025-09-05T12:12:51+00:00\" \/>\n<meta property=\"article:modified_time\" content=\"2025-09-10T07:30:12+00:00\" \/>\n<meta name=\"author\" content=\"Anja Tou\u00efl\" \/>\n<meta name=\"twitter:card\" content=\"summary_large_image\" \/>\n<meta name=\"twitter:label1\" content=\"Verfasst von\" \/>\n\t<meta name=\"twitter:data1\" content=\"Anja Tou\u00efl\" \/>\n\t<meta name=\"twitter:label2\" content=\"Gesch\u00e4tzte Lesezeit\" \/>\n\t<meta name=\"twitter:data2\" content=\"1\u00a0Minute\" \/>\n<script type=\"application\/ld+json\" class=\"yoast-schema-graph\">{\"@context\":\"https:\\\/\\\/schema.org\",\"@graph\":[{\"@type\":\"Article\",\"@id\":\"https:\\\/\\\/www.abps.ch\\\/de\\\/wer-uebernimmt-verantwortung\\\/#article\",\"isPartOf\":{\"@id\":\"https:\\\/\\\/www.abps.ch\\\/de\\\/wer-uebernimmt-verantwortung\\\/\"},\"author\":{\"name\":\"Anja Tou\u00efl\",\"@id\":\"https:\\\/\\\/www.abps.ch\\\/#\\\/schema\\\/person\\\/e55c25765758e47734f546780935c81c\"},\"headline\":\"Wer \u00fcbernimmt Verantwortung?\",\"datePublished\":\"2025-09-05T12:12:51+00:00\",\"dateModified\":\"2025-09-10T07:30:12+00:00\",\"mainEntityOfPage\":{\"@id\":\"https:\\\/\\\/www.abps.ch\\\/de\\\/wer-uebernimmt-verantwortung\\\/\"},\"wordCount\":59,\"articleSection\":[\"Unkategorisiert\"],\"inLanguage\":\"de\"},{\"@type\":\"WebPage\",\"@id\":\"https:\\\/\\\/www.abps.ch\\\/de\\\/wer-uebernimmt-verantwortung\\\/\",\"url\":\"https:\\\/\\\/www.abps.ch\\\/de\\\/wer-uebernimmt-verantwortung\\\/\",\"name\":\"Wer \u00fcbernimmt Verantwortung? - ABPS\",\"isPartOf\":{\"@id\":\"https:\\\/\\\/www.abps.ch\\\/#website\"},\"datePublished\":\"2025-09-05T12:12:51+00:00\",\"dateModified\":\"2025-09-10T07:30:12+00:00\",\"author\":{\"@id\":\"https:\\\/\\\/www.abps.ch\\\/#\\\/schema\\\/person\\\/e55c25765758e47734f546780935c81c\"},\"breadcrumb\":{\"@id\":\"https:\\\/\\\/www.abps.ch\\\/de\\\/wer-uebernimmt-verantwortung\\\/#breadcrumb\"},\"inLanguage\":\"de\",\"potentialAction\":[{\"@type\":\"ReadAction\",\"target\":[\"https:\\\/\\\/www.abps.ch\\\/de\\\/wer-uebernimmt-verantwortung\\\/\"]}]},{\"@type\":\"BreadcrumbList\",\"@id\":\"https:\\\/\\\/www.abps.ch\\\/de\\\/wer-uebernimmt-verantwortung\\\/#breadcrumb\",\"itemListElement\":[{\"@type\":\"ListItem\",\"position\":1,\"name\":\"Home\",\"item\":\"https:\\\/\\\/www.abps.ch\\\/de\\\/\"},{\"@type\":\"ListItem\",\"position\":2,\"name\":\"Wer \u00fcbernimmt Verantwortung?\"}]},{\"@type\":\"WebSite\",\"@id\":\"https:\\\/\\\/www.abps.ch\\\/#website\",\"url\":\"https:\\\/\\\/www.abps.ch\\\/\",\"name\":\"ABPS\",\"description\":\"\",\"potentialAction\":[{\"@type\":\"SearchAction\",\"target\":{\"@type\":\"EntryPoint\",\"urlTemplate\":\"https:\\\/\\\/www.abps.ch\\\/?s={search_term_string}\"},\"query-input\":{\"@type\":\"PropertyValueSpecification\",\"valueRequired\":true,\"valueName\":\"search_term_string\"}}],\"inLanguage\":\"de\"},{\"@type\":\"Person\",\"@id\":\"https:\\\/\\\/www.abps.ch\\\/#\\\/schema\\\/person\\\/e55c25765758e47734f546780935c81c\",\"name\":\"Anja Tou\u00efl\"}]}<\/script>\n<!-- \/ Yoast SEO plugin. -->","yoast_head_json":{"title":"Wer \u00fcbernimmt Verantwortung? - ABPS","robots":{"index":"noindex","follow":"follow"},"og_locale":"de_DE","og_type":"article","og_title":"Wer \u00fcbernimmt Verantwortung? - ABPS","og_description":"Die f\u00fcnf \u00fcbrig bleibenden Privatbankiers in der Schweiz haben Dr. Adriel Jost (freischaffender \u00d6konom und Publizist) beauftragt, einen Essay zur Entwicklung der pers\u00f6nlichen Haftung und Verantwortung im Bankwesen zu verfassen. Sein Fazit: Banken, die auf pers\u00f6nlicher Haftung basieren, verdienen auch eine differenzierte Regulierung. So bleibt der Schweizer Finanzplatz stabil, diversifiziert und vertrauensw\u00fcrdig.","og_url":"https:\/\/www.abps.ch\/de\/wer-uebernimmt-verantwortung\/","og_site_name":"ABPS","article_published_time":"2025-09-05T12:12:51+00:00","article_modified_time":"2025-09-10T07:30:12+00:00","author":"Anja Tou\u00efl","twitter_card":"summary_large_image","twitter_misc":{"Verfasst von":"Anja Tou\u00efl","Gesch\u00e4tzte Lesezeit":"1\u00a0Minute"},"schema":{"@context":"https:\/\/schema.org","@graph":[{"@type":"Article","@id":"https:\/\/www.abps.ch\/de\/wer-uebernimmt-verantwortung\/#article","isPartOf":{"@id":"https:\/\/www.abps.ch\/de\/wer-uebernimmt-verantwortung\/"},"author":{"name":"Anja Tou\u00efl","@id":"https:\/\/www.abps.ch\/#\/schema\/person\/e55c25765758e47734f546780935c81c"},"headline":"Wer \u00fcbernimmt Verantwortung?","datePublished":"2025-09-05T12:12:51+00:00","dateModified":"2025-09-10T07:30:12+00:00","mainEntityOfPage":{"@id":"https:\/\/www.abps.ch\/de\/wer-uebernimmt-verantwortung\/"},"wordCount":59,"articleSection":["Unkategorisiert"],"inLanguage":"de"},{"@type":"WebPage","@id":"https:\/\/www.abps.ch\/de\/wer-uebernimmt-verantwortung\/","url":"https:\/\/www.abps.ch\/de\/wer-uebernimmt-verantwortung\/","name":"Wer \u00fcbernimmt Verantwortung? - ABPS","isPartOf":{"@id":"https:\/\/www.abps.ch\/#website"},"datePublished":"2025-09-05T12:12:51+00:00","dateModified":"2025-09-10T07:30:12+00:00","author":{"@id":"https:\/\/www.abps.ch\/#\/schema\/person\/e55c25765758e47734f546780935c81c"},"breadcrumb":{"@id":"https:\/\/www.abps.ch\/de\/wer-uebernimmt-verantwortung\/#breadcrumb"},"inLanguage":"de","potentialAction":[{"@type":"ReadAction","target":["https:\/\/www.abps.ch\/de\/wer-uebernimmt-verantwortung\/"]}]},{"@type":"BreadcrumbList","@id":"https:\/\/www.abps.ch\/de\/wer-uebernimmt-verantwortung\/#breadcrumb","itemListElement":[{"@type":"ListItem","position":1,"name":"Home","item":"https:\/\/www.abps.ch\/de\/"},{"@type":"ListItem","position":2,"name":"Wer \u00fcbernimmt Verantwortung?"}]},{"@type":"WebSite","@id":"https:\/\/www.abps.ch\/#website","url":"https:\/\/www.abps.ch\/","name":"ABPS","description":"","potentialAction":[{"@type":"SearchAction","target":{"@type":"EntryPoint","urlTemplate":"https:\/\/www.abps.ch\/?s={search_term_string}"},"query-input":{"@type":"PropertyValueSpecification","valueRequired":true,"valueName":"search_term_string"}}],"inLanguage":"de"},{"@type":"Person","@id":"https:\/\/www.abps.ch\/#\/schema\/person\/e55c25765758e47734f546780935c81c","name":"Anja Tou\u00efl"}]}},"_links":{"self":[{"href":"https:\/\/www.abps.ch\/de\/wp-json\/wp\/v2\/posts\/15852","targetHints":{"allow":["GET"]}}],"collection":[{"href":"https:\/\/www.abps.ch\/de\/wp-json\/wp\/v2\/posts"}],"about":[{"href":"https:\/\/www.abps.ch\/de\/wp-json\/wp\/v2\/types\/post"}],"author":[{"embeddable":true,"href":"https:\/\/www.abps.ch\/de\/wp-json\/wp\/v2\/users\/4"}],"replies":[{"embeddable":true,"href":"https:\/\/www.abps.ch\/de\/wp-json\/wp\/v2\/comments?post=15852"}],"version-history":[{"count":2,"href":"https:\/\/www.abps.ch\/de\/wp-json\/wp\/v2\/posts\/15852\/revisions"}],"predecessor-version":[{"id":15869,"href":"https:\/\/www.abps.ch\/de\/wp-json\/wp\/v2\/posts\/15852\/revisions\/15869"}],"wp:attachment":[{"href":"https:\/\/www.abps.ch\/de\/wp-json\/wp\/v2\/media?parent=15852"}],"wp:term":[{"taxonomy":"category","embeddable":true,"href":"https:\/\/www.abps.ch\/de\/wp-json\/wp\/v2\/categories?post=15852"},{"taxonomy":"post_tag","embeddable":true,"href":"https:\/\/www.abps.ch\/de\/wp-json\/wp\/v2\/tags?post=15852"}],"curies":[{"name":"wp","href":"https:\/\/api.w.org\/{rel}","templated":true}]}}