{"id":15545,"date":"2025-05-27T11:59:27","date_gmt":"2025-05-27T09:59:27","guid":{"rendered":"https:\/\/www.abps.ch\/?p=15545"},"modified":"2025-05-27T07:58:52","modified_gmt":"2025-05-27T05:58:52","slug":"private-banking-day-2025","status":"publish","type":"post","link":"https:\/\/www.abps.ch\/de\/private-banking-day-2025\/","title":{"rendered":"Private Banking Day 2025"},"content":{"rendered":"<p>Der neunte Private Banking Day, der heute von der VSPB und der VAV in Z\u00fcrich organisiert wurde, konzentrierte sich auf die Merkmale und die Entwicklung der \u201eSwissness\u201c in der Verm\u00f6gensverwaltung zwischen Tradition und Innovation. Vertreter der Finanzbranche, der Industrie, der Beh\u00f6rden sowie der akademischen Welt diskutierten \u00fcber Werte wie Offenheit, Stabilit\u00e4t und Arbeit, und wie sie zu bewahren.<\/p>\n","protected":false},"excerpt":{"rendered":"<p>Der neunte Private Banking Day, der heute von der VSPB und der VAV in Z\u00fcrich organisiert wurde, konzentrierte sich auf die Merkmale und die Entwicklung der \u201eSwissness\u201c in der Verm\u00f6gensverwaltung zwischen Tradition und Innovation. Vertreter der Finanzbranche, der Industrie, der Beh\u00f6rden sowie der akademischen Welt diskutierten \u00fcber Werte wie Offenheit, Stabilit\u00e4t und Arbeit, und wie &hellip; <\/p>\n<p class=\"link-more\"><a href=\"https:\/\/www.abps.ch\/de\/private-banking-day-2025\/\" class=\"more-link\"><span class=\"screen-reader-text\">\u201ePrivate Banking Day 2025\u201c <\/span>weiterlesen<\/a><\/p>\n","protected":false},"author":4,"featured_media":0,"comment_status":"closed","ping_status":"open","sticky":false,"template":"","format":"standard","meta":{"_acf_changed":false,"footnotes":""},"categories":[2],"tags":[],"class_list":["post-15545","post","type-post","status-publish","format-standard","hentry","category-unkategorisiert"],"acf":[],"yoast_head":"<!-- This site is optimized with the Yoast SEO plugin v27.4 - https:\/\/yoast.com\/product\/yoast-seo-wordpress\/ -->\n<title>Private Banking Day 2025 - ABPS<\/title>\n<meta name=\"robots\" content=\"noindex, follow\" \/>\n<meta property=\"og:locale\" content=\"de_DE\" \/>\n<meta property=\"og:type\" content=\"article\" \/>\n<meta property=\"og:title\" content=\"Private Banking Day 2025 - ABPS\" \/>\n<meta property=\"og:description\" content=\"Der neunte Private Banking Day, der heute von der VSPB und der VAV in Z\u00fcrich organisiert wurde, konzentrierte sich auf die Merkmale und die Entwicklung der \u201eSwissness\u201c in der Verm\u00f6gensverwaltung zwischen Tradition und Innovation. Vertreter der Finanzbranche, der Industrie, der Beh\u00f6rden sowie der akademischen Welt diskutierten \u00fcber Werte wie Offenheit, Stabilit\u00e4t und Arbeit, und wie &hellip; \u201ePrivate Banking Day 2025\u201c weiterlesen\" \/>\n<meta property=\"og:url\" content=\"https:\/\/www.abps.ch\/private-banking-day-2025\/\" \/>\n<meta property=\"og:site_name\" content=\"ABPS\" \/>\n<meta property=\"article:published_time\" content=\"2025-05-27T09:59:27+00:00\" \/>\n<meta name=\"author\" content=\"Anja Tou\u00efl\" \/>\n<meta name=\"twitter:card\" content=\"summary_large_image\" \/>\n<meta name=\"twitter:label1\" content=\"Verfasst von\" \/>\n\t<meta name=\"twitter:data1\" content=\"Anja Tou\u00efl\" \/>\n\t<meta name=\"twitter:label2\" content=\"Gesch\u00e4tzte Lesezeit\" \/>\n\t<meta name=\"twitter:data2\" content=\"1\u00a0Minute\" \/>\n<script type=\"application\/ld+json\" class=\"yoast-schema-graph\">{\"@context\":\"https:\\\/\\\/schema.org\",\"@graph\":[{\"@type\":\"Article\",\"@id\":\"https:\\\/\\\/www.abps.ch\\\/private-banking-day-2025\\\/#article\",\"isPartOf\":{\"@id\":\"https:\\\/\\\/www.abps.ch\\\/private-banking-day-2025\\\/\"},\"author\":{\"name\":\"Anja Tou\u00efl\",\"@id\":\"https:\\\/\\\/www.abps.ch\\\/#\\\/schema\\\/person\\\/e55c25765758e47734f546780935c81c\"},\"headline\":\"Private Banking Day 2025\",\"datePublished\":\"2025-05-27T09:59:27+00:00\",\"mainEntityOfPage\":{\"@id\":\"https:\\\/\\\/www.abps.ch\\\/private-banking-day-2025\\\/\"},\"wordCount\":65,\"articleSection\":[\"Unkategorisiert\"],\"inLanguage\":\"de\"},{\"@type\":\"WebPage\",\"@id\":\"https:\\\/\\\/www.abps.ch\\\/private-banking-day-2025\\\/\",\"url\":\"https:\\\/\\\/www.abps.ch\\\/private-banking-day-2025\\\/\",\"name\":\"Private Banking Day 2025 - ABPS\",\"isPartOf\":{\"@id\":\"https:\\\/\\\/www.abps.ch\\\/#website\"},\"datePublished\":\"2025-05-27T09:59:27+00:00\",\"author\":{\"@id\":\"https:\\\/\\\/www.abps.ch\\\/#\\\/schema\\\/person\\\/e55c25765758e47734f546780935c81c\"},\"breadcrumb\":{\"@id\":\"https:\\\/\\\/www.abps.ch\\\/private-banking-day-2025\\\/#breadcrumb\"},\"inLanguage\":\"de\",\"potentialAction\":[{\"@type\":\"ReadAction\",\"target\":[\"https:\\\/\\\/www.abps.ch\\\/private-banking-day-2025\\\/\"]}]},{\"@type\":\"BreadcrumbList\",\"@id\":\"https:\\\/\\\/www.abps.ch\\\/private-banking-day-2025\\\/#breadcrumb\",\"itemListElement\":[{\"@type\":\"ListItem\",\"position\":1,\"name\":\"Home\",\"item\":\"https:\\\/\\\/www.abps.ch\\\/de\\\/\"},{\"@type\":\"ListItem\",\"position\":2,\"name\":\"Private Banking Day 2025\"}]},{\"@type\":\"WebSite\",\"@id\":\"https:\\\/\\\/www.abps.ch\\\/#website\",\"url\":\"https:\\\/\\\/www.abps.ch\\\/\",\"name\":\"ABPS\",\"description\":\"\",\"potentialAction\":[{\"@type\":\"SearchAction\",\"target\":{\"@type\":\"EntryPoint\",\"urlTemplate\":\"https:\\\/\\\/www.abps.ch\\\/?s={search_term_string}\"},\"query-input\":{\"@type\":\"PropertyValueSpecification\",\"valueRequired\":true,\"valueName\":\"search_term_string\"}}],\"inLanguage\":\"de\"},{\"@type\":\"Person\",\"@id\":\"https:\\\/\\\/www.abps.ch\\\/#\\\/schema\\\/person\\\/e55c25765758e47734f546780935c81c\",\"name\":\"Anja Tou\u00efl\"}]}<\/script>\n<!-- \/ Yoast SEO plugin. -->","yoast_head_json":{"title":"Private Banking Day 2025 - ABPS","robots":{"index":"noindex","follow":"follow"},"og_locale":"de_DE","og_type":"article","og_title":"Private Banking Day 2025 - ABPS","og_description":"Der neunte Private Banking Day, der heute von der VSPB und der VAV in Z\u00fcrich organisiert wurde, konzentrierte sich auf die Merkmale und die Entwicklung der \u201eSwissness\u201c in der Verm\u00f6gensverwaltung zwischen Tradition und Innovation. Vertreter der Finanzbranche, der Industrie, der Beh\u00f6rden sowie der akademischen Welt diskutierten \u00fcber Werte wie Offenheit, Stabilit\u00e4t und Arbeit, und wie &hellip; \u201ePrivate Banking Day 2025\u201c weiterlesen","og_url":"https:\/\/www.abps.ch\/private-banking-day-2025\/","og_site_name":"ABPS","article_published_time":"2025-05-27T09:59:27+00:00","author":"Anja Tou\u00efl","twitter_card":"summary_large_image","twitter_misc":{"Verfasst von":"Anja Tou\u00efl","Gesch\u00e4tzte Lesezeit":"1\u00a0Minute"},"schema":{"@context":"https:\/\/schema.org","@graph":[{"@type":"Article","@id":"https:\/\/www.abps.ch\/private-banking-day-2025\/#article","isPartOf":{"@id":"https:\/\/www.abps.ch\/private-banking-day-2025\/"},"author":{"name":"Anja Tou\u00efl","@id":"https:\/\/www.abps.ch\/#\/schema\/person\/e55c25765758e47734f546780935c81c"},"headline":"Private Banking Day 2025","datePublished":"2025-05-27T09:59:27+00:00","mainEntityOfPage":{"@id":"https:\/\/www.abps.ch\/private-banking-day-2025\/"},"wordCount":65,"articleSection":["Unkategorisiert"],"inLanguage":"de"},{"@type":"WebPage","@id":"https:\/\/www.abps.ch\/private-banking-day-2025\/","url":"https:\/\/www.abps.ch\/private-banking-day-2025\/","name":"Private Banking Day 2025 - ABPS","isPartOf":{"@id":"https:\/\/www.abps.ch\/#website"},"datePublished":"2025-05-27T09:59:27+00:00","author":{"@id":"https:\/\/www.abps.ch\/#\/schema\/person\/e55c25765758e47734f546780935c81c"},"breadcrumb":{"@id":"https:\/\/www.abps.ch\/private-banking-day-2025\/#breadcrumb"},"inLanguage":"de","potentialAction":[{"@type":"ReadAction","target":["https:\/\/www.abps.ch\/private-banking-day-2025\/"]}]},{"@type":"BreadcrumbList","@id":"https:\/\/www.abps.ch\/private-banking-day-2025\/#breadcrumb","itemListElement":[{"@type":"ListItem","position":1,"name":"Home","item":"https:\/\/www.abps.ch\/de\/"},{"@type":"ListItem","position":2,"name":"Private Banking Day 2025"}]},{"@type":"WebSite","@id":"https:\/\/www.abps.ch\/#website","url":"https:\/\/www.abps.ch\/","name":"ABPS","description":"","potentialAction":[{"@type":"SearchAction","target":{"@type":"EntryPoint","urlTemplate":"https:\/\/www.abps.ch\/?s={search_term_string}"},"query-input":{"@type":"PropertyValueSpecification","valueRequired":true,"valueName":"search_term_string"}}],"inLanguage":"de"},{"@type":"Person","@id":"https:\/\/www.abps.ch\/#\/schema\/person\/e55c25765758e47734f546780935c81c","name":"Anja Tou\u00efl"}]}},"_links":{"self":[{"href":"https:\/\/www.abps.ch\/de\/wp-json\/wp\/v2\/posts\/15545","targetHints":{"allow":["GET"]}}],"collection":[{"href":"https:\/\/www.abps.ch\/de\/wp-json\/wp\/v2\/posts"}],"about":[{"href":"https:\/\/www.abps.ch\/de\/wp-json\/wp\/v2\/types\/post"}],"author":[{"embeddable":true,"href":"https:\/\/www.abps.ch\/de\/wp-json\/wp\/v2\/users\/4"}],"replies":[{"embeddable":true,"href":"https:\/\/www.abps.ch\/de\/wp-json\/wp\/v2\/comments?post=15545"}],"version-history":[{"count":3,"href":"https:\/\/www.abps.ch\/de\/wp-json\/wp\/v2\/posts\/15545\/revisions"}],"predecessor-version":[{"id":15564,"href":"https:\/\/www.abps.ch\/de\/wp-json\/wp\/v2\/posts\/15545\/revisions\/15564"}],"wp:attachment":[{"href":"https:\/\/www.abps.ch\/de\/wp-json\/wp\/v2\/media?parent=15545"}],"wp:term":[{"taxonomy":"category","embeddable":true,"href":"https:\/\/www.abps.ch\/de\/wp-json\/wp\/v2\/categories?post=15545"},{"taxonomy":"post_tag","embeddable":true,"href":"https:\/\/www.abps.ch\/de\/wp-json\/wp\/v2\/tags?post=15545"}],"curies":[{"name":"wp","href":"https:\/\/api.w.org\/{rel}","templated":true}]}}