{"id":13629,"date":"2024-01-08T07:58:21","date_gmt":"2024-01-08T06:58:21","guid":{"rendered":"https:\/\/www.abps.ch\/?p=13629"},"modified":"2024-01-08T07:58:21","modified_gmt":"2024-01-08T06:58:21","slug":"cite-gestion-sa-tritt-der-vspb-bei","status":"publish","type":"post","link":"https:\/\/www.abps.ch\/de\/cite-gestion-sa-tritt-der-vspb-bei\/","title":{"rendered":"Cit\u00e9 Gestion SA tritt der VSPB bei"},"content":{"rendered":"<p>Mit Ihrem Hauptsitz in Genf und einer Pr\u00e4senz in Lausanne, Z\u00fcrich und Lugano widmet sich Cit\u00e9 Gestion SA der Verwaltung von Privatverm\u00f6gen f\u00fcr Schweizer und internationale Kunden.<\/p>\n<p>Die nunmehr acht Mitglieder der VSPB verwalten \u00fcber 1000 Milliarden Franken und besch\u00e4ftigen weltweit \u00fcber 9600 Mitarbeitende, davon fast zwei Drittel in der Schweiz.<\/p>\n","protected":false},"excerpt":{"rendered":"<p>Mit Ihrem Hauptsitz in Genf und einer Pr\u00e4senz in Lausanne, Z\u00fcrich und Lugano widmet sich Cit\u00e9 Gestion SA der Verwaltung von Privatverm\u00f6gen f\u00fcr Schweizer und internationale Kunden. Die nunmehr acht Mitglieder der VSPB verwalten \u00fcber 1000 Milliarden Franken und besch\u00e4ftigen weltweit \u00fcber 9600 Mitarbeitende, davon fast zwei Drittel in der Schweiz.<\/p>\n","protected":false},"author":4,"featured_media":0,"comment_status":"closed","ping_status":"open","sticky":false,"template":"","format":"standard","meta":{"_acf_changed":false,"footnotes":""},"categories":[2],"tags":[],"class_list":["post-13629","post","type-post","status-publish","format-standard","hentry","category-unkategorisiert"],"acf":[],"yoast_head":"<!-- This site is optimized with the Yoast SEO plugin v27.4 - https:\/\/yoast.com\/product\/yoast-seo-wordpress\/ -->\n<title>Cit\u00e9 Gestion SA tritt der VSPB bei - ABPS<\/title>\n<meta name=\"robots\" content=\"index, follow, max-snippet:-1, max-image-preview:large, max-video-preview:-1\" \/>\n<link rel=\"canonical\" href=\"https:\/\/www.abps.ch\/cite-gestion-sa-rejoint-labps\/\" \/>\n<meta property=\"og:locale\" content=\"de_DE\" \/>\n<meta property=\"og:type\" content=\"article\" \/>\n<meta property=\"og:title\" content=\"Cit\u00e9 Gestion SA tritt der VSPB bei - ABPS\" \/>\n<meta property=\"og:description\" content=\"Mit Ihrem Hauptsitz in Genf und einer Pr\u00e4senz in Lausanne, Z\u00fcrich und Lugano widmet sich Cit\u00e9 Gestion SA der Verwaltung von Privatverm\u00f6gen f\u00fcr Schweizer und internationale Kunden. Die nunmehr acht Mitglieder der VSPB verwalten \u00fcber 1000 Milliarden Franken und besch\u00e4ftigen weltweit \u00fcber 9600 Mitarbeitende, davon fast zwei Drittel in der Schweiz.\" \/>\n<meta property=\"og:url\" content=\"https:\/\/www.abps.ch\/cite-gestion-sa-rejoint-labps\/\" \/>\n<meta property=\"og:site_name\" content=\"ABPS\" \/>\n<meta property=\"article:published_time\" content=\"2024-01-08T06:58:21+00:00\" \/>\n<meta name=\"author\" content=\"Anja Tou\u00efl\" \/>\n<meta name=\"twitter:card\" content=\"summary_large_image\" \/>\n<meta name=\"twitter:label1\" content=\"Verfasst von\" \/>\n\t<meta name=\"twitter:data1\" content=\"Anja Tou\u00efl\" \/>\n<script type=\"application\/ld+json\" class=\"yoast-schema-graph\">{\"@context\":\"https:\\\/\\\/schema.org\",\"@graph\":[{\"@type\":\"Article\",\"@id\":\"https:\\\/\\\/www.abps.ch\\\/cite-gestion-sa-rejoint-labps\\\/#article\",\"isPartOf\":{\"@id\":\"https:\\\/\\\/www.abps.ch\\\/cite-gestion-sa-rejoint-labps\\\/\"},\"author\":{\"name\":\"Anja Tou\u00efl\",\"@id\":\"https:\\\/\\\/www.abps.ch\\\/#\\\/schema\\\/person\\\/e55c25765758e47734f546780935c81c\"},\"headline\":\"Cit\u00e9 Gestion SA tritt der VSPB bei\",\"datePublished\":\"2024-01-08T06:58:21+00:00\",\"mainEntityOfPage\":{\"@id\":\"https:\\\/\\\/www.abps.ch\\\/cite-gestion-sa-rejoint-labps\\\/\"},\"wordCount\":61,\"articleSection\":[\"Unkategorisiert\"],\"inLanguage\":\"de\"},{\"@type\":\"WebPage\",\"@id\":\"https:\\\/\\\/www.abps.ch\\\/cite-gestion-sa-rejoint-labps\\\/\",\"url\":\"https:\\\/\\\/www.abps.ch\\\/cite-gestion-sa-rejoint-labps\\\/\",\"name\":\"Cit\u00e9 Gestion SA tritt der VSPB bei - ABPS\",\"isPartOf\":{\"@id\":\"https:\\\/\\\/www.abps.ch\\\/#website\"},\"datePublished\":\"2024-01-08T06:58:21+00:00\",\"author\":{\"@id\":\"https:\\\/\\\/www.abps.ch\\\/#\\\/schema\\\/person\\\/e55c25765758e47734f546780935c81c\"},\"breadcrumb\":{\"@id\":\"https:\\\/\\\/www.abps.ch\\\/cite-gestion-sa-rejoint-labps\\\/#breadcrumb\"},\"inLanguage\":\"de\",\"potentialAction\":[{\"@type\":\"ReadAction\",\"target\":[\"https:\\\/\\\/www.abps.ch\\\/cite-gestion-sa-rejoint-labps\\\/\"]}]},{\"@type\":\"BreadcrumbList\",\"@id\":\"https:\\\/\\\/www.abps.ch\\\/cite-gestion-sa-rejoint-labps\\\/#breadcrumb\",\"itemListElement\":[{\"@type\":\"ListItem\",\"position\":1,\"name\":\"Home\",\"item\":\"https:\\\/\\\/www.abps.ch\\\/de\\\/\"},{\"@type\":\"ListItem\",\"position\":2,\"name\":\"Cit\u00e9 Gestion SA tritt der VSPB bei\"}]},{\"@type\":\"WebSite\",\"@id\":\"https:\\\/\\\/www.abps.ch\\\/#website\",\"url\":\"https:\\\/\\\/www.abps.ch\\\/\",\"name\":\"ABPS\",\"description\":\"\",\"potentialAction\":[{\"@type\":\"SearchAction\",\"target\":{\"@type\":\"EntryPoint\",\"urlTemplate\":\"https:\\\/\\\/www.abps.ch\\\/?s={search_term_string}\"},\"query-input\":{\"@type\":\"PropertyValueSpecification\",\"valueRequired\":true,\"valueName\":\"search_term_string\"}}],\"inLanguage\":\"de\"},{\"@type\":\"Person\",\"@id\":\"https:\\\/\\\/www.abps.ch\\\/#\\\/schema\\\/person\\\/e55c25765758e47734f546780935c81c\",\"name\":\"Anja Tou\u00efl\"}]}<\/script>\n<!-- \/ Yoast SEO plugin. -->","yoast_head_json":{"title":"Cit\u00e9 Gestion SA tritt der VSPB bei - ABPS","robots":{"index":"index","follow":"follow","max-snippet":"max-snippet:-1","max-image-preview":"max-image-preview:large","max-video-preview":"max-video-preview:-1"},"canonical":"https:\/\/www.abps.ch\/cite-gestion-sa-rejoint-labps\/","og_locale":"de_DE","og_type":"article","og_title":"Cit\u00e9 Gestion SA tritt der VSPB bei - ABPS","og_description":"Mit Ihrem Hauptsitz in Genf und einer Pr\u00e4senz in Lausanne, Z\u00fcrich und Lugano widmet sich Cit\u00e9 Gestion SA der Verwaltung von Privatverm\u00f6gen f\u00fcr Schweizer und internationale Kunden. Die nunmehr acht Mitglieder der VSPB verwalten \u00fcber 1000 Milliarden Franken und besch\u00e4ftigen weltweit \u00fcber 9600 Mitarbeitende, davon fast zwei Drittel in der Schweiz.","og_url":"https:\/\/www.abps.ch\/cite-gestion-sa-rejoint-labps\/","og_site_name":"ABPS","article_published_time":"2024-01-08T06:58:21+00:00","author":"Anja Tou\u00efl","twitter_card":"summary_large_image","twitter_misc":{"Verfasst von":"Anja Tou\u00efl"},"schema":{"@context":"https:\/\/schema.org","@graph":[{"@type":"Article","@id":"https:\/\/www.abps.ch\/cite-gestion-sa-rejoint-labps\/#article","isPartOf":{"@id":"https:\/\/www.abps.ch\/cite-gestion-sa-rejoint-labps\/"},"author":{"name":"Anja Tou\u00efl","@id":"https:\/\/www.abps.ch\/#\/schema\/person\/e55c25765758e47734f546780935c81c"},"headline":"Cit\u00e9 Gestion SA tritt der VSPB bei","datePublished":"2024-01-08T06:58:21+00:00","mainEntityOfPage":{"@id":"https:\/\/www.abps.ch\/cite-gestion-sa-rejoint-labps\/"},"wordCount":61,"articleSection":["Unkategorisiert"],"inLanguage":"de"},{"@type":"WebPage","@id":"https:\/\/www.abps.ch\/cite-gestion-sa-rejoint-labps\/","url":"https:\/\/www.abps.ch\/cite-gestion-sa-rejoint-labps\/","name":"Cit\u00e9 Gestion SA tritt der VSPB bei - ABPS","isPartOf":{"@id":"https:\/\/www.abps.ch\/#website"},"datePublished":"2024-01-08T06:58:21+00:00","author":{"@id":"https:\/\/www.abps.ch\/#\/schema\/person\/e55c25765758e47734f546780935c81c"},"breadcrumb":{"@id":"https:\/\/www.abps.ch\/cite-gestion-sa-rejoint-labps\/#breadcrumb"},"inLanguage":"de","potentialAction":[{"@type":"ReadAction","target":["https:\/\/www.abps.ch\/cite-gestion-sa-rejoint-labps\/"]}]},{"@type":"BreadcrumbList","@id":"https:\/\/www.abps.ch\/cite-gestion-sa-rejoint-labps\/#breadcrumb","itemListElement":[{"@type":"ListItem","position":1,"name":"Home","item":"https:\/\/www.abps.ch\/de\/"},{"@type":"ListItem","position":2,"name":"Cit\u00e9 Gestion SA tritt der VSPB bei"}]},{"@type":"WebSite","@id":"https:\/\/www.abps.ch\/#website","url":"https:\/\/www.abps.ch\/","name":"ABPS","description":"","potentialAction":[{"@type":"SearchAction","target":{"@type":"EntryPoint","urlTemplate":"https:\/\/www.abps.ch\/?s={search_term_string}"},"query-input":{"@type":"PropertyValueSpecification","valueRequired":true,"valueName":"search_term_string"}}],"inLanguage":"de"},{"@type":"Person","@id":"https:\/\/www.abps.ch\/#\/schema\/person\/e55c25765758e47734f546780935c81c","name":"Anja Tou\u00efl"}]}},"_links":{"self":[{"href":"https:\/\/www.abps.ch\/de\/wp-json\/wp\/v2\/posts\/13629","targetHints":{"allow":["GET"]}}],"collection":[{"href":"https:\/\/www.abps.ch\/de\/wp-json\/wp\/v2\/posts"}],"about":[{"href":"https:\/\/www.abps.ch\/de\/wp-json\/wp\/v2\/types\/post"}],"author":[{"embeddable":true,"href":"https:\/\/www.abps.ch\/de\/wp-json\/wp\/v2\/users\/4"}],"replies":[{"embeddable":true,"href":"https:\/\/www.abps.ch\/de\/wp-json\/wp\/v2\/comments?post=13629"}],"version-history":[{"count":2,"href":"https:\/\/www.abps.ch\/de\/wp-json\/wp\/v2\/posts\/13629\/revisions"}],"predecessor-version":[{"id":13668,"href":"https:\/\/www.abps.ch\/de\/wp-json\/wp\/v2\/posts\/13629\/revisions\/13668"}],"wp:attachment":[{"href":"https:\/\/www.abps.ch\/de\/wp-json\/wp\/v2\/media?parent=13629"}],"wp:term":[{"taxonomy":"category","embeddable":true,"href":"https:\/\/www.abps.ch\/de\/wp-json\/wp\/v2\/categories?post=13629"},{"taxonomy":"post_tag","embeddable":true,"href":"https:\/\/www.abps.ch\/de\/wp-json\/wp\/v2\/tags?post=13629"}],"curies":[{"name":"wp","href":"https:\/\/api.w.org\/{rel}","templated":true}]}}