{"id":13117,"date":"2023-09-20T07:01:42","date_gmt":"2023-09-20T05:01:42","guid":{"rendered":"https:\/\/www.abps.ch\/?p=13117"},"modified":"2023-09-14T10:54:28","modified_gmt":"2023-09-14T08:54:28","slug":"die-mitglieder-der-vspb-setzen-ihre-anstrengungen-bezueglich-sustainable-finance-fort","status":"publish","type":"post","link":"https:\/\/www.abps.ch\/de\/die-mitglieder-der-vspb-setzen-ihre-anstrengungen-bezueglich-sustainable-finance-fort\/","title":{"rendered":"Die Mitglieder der VSPB setzen ihre Anstrengungen bez\u00fcglich Sustainable Finance fort"},"content":{"rendered":"<p>Die Vereinigung Schweizerischer Privatbanken (VSPB) ist letztes Jahr der von der VAV im 2021 lancierten Brancheninitiative beigetreten.\u00a0 Ihre Mitglieder setzen die definierten Massnahmen im Bereich der Verm\u00f6gensverwaltung fort und berichten \u00fcber ihre Fortschritte. Dieses Jahr wurden zwei neue Priorit\u00e4ten hinzugef\u00fcgt, um der im Dezember 2022 ver\u00f6ffentlichten\u00a0Strategie des Bundesrates zu entsprechen.<\/p>\n","protected":false},"excerpt":{"rendered":"<p>Die Vereinigung Schweizerischer Privatbanken (VSPB) ist letztes Jahr der von der VAV im 2021 lancierten Brancheninitiative beigetreten.\u00a0 Ihre Mitglieder setzen die definierten Massnahmen im Bereich der Verm\u00f6gensverwaltung fort und berichten \u00fcber ihre Fortschritte. Dieses Jahr wurden zwei neue Priorit\u00e4ten hinzugef\u00fcgt, um der im Dezember 2022 ver\u00f6ffentlichten\u00a0Strategie des Bundesrates zu entsprechen.<\/p>\n","protected":false},"author":4,"featured_media":0,"comment_status":"closed","ping_status":"open","sticky":false,"template":"","format":"standard","meta":{"_acf_changed":false,"footnotes":""},"categories":[2],"tags":[],"class_list":["post-13117","post","type-post","status-publish","format-standard","hentry","category-unkategorisiert"],"acf":[],"yoast_head":"<!-- This site is optimized with the Yoast SEO plugin v27.4 - https:\/\/yoast.com\/product\/yoast-seo-wordpress\/ -->\n<title>Die Mitglieder der VSPB setzen ihre Anstrengungen bez\u00fcglich Sustainable Finance fort - ABPS<\/title>\n<meta name=\"robots\" content=\"index, follow, max-snippet:-1, max-image-preview:large, max-video-preview:-1\" \/>\n<link rel=\"canonical\" href=\"https:\/\/www.abps.ch\/les-membres-de-labps-poursuivent-leurs-efforts-en-matiere-de-finance-durable\/\" \/>\n<meta property=\"og:locale\" content=\"de_DE\" \/>\n<meta property=\"og:type\" content=\"article\" \/>\n<meta property=\"og:title\" content=\"Die Mitglieder der VSPB setzen ihre Anstrengungen bez\u00fcglich Sustainable Finance fort - ABPS\" \/>\n<meta property=\"og:description\" content=\"Die Vereinigung Schweizerischer Privatbanken (VSPB) ist letztes Jahr der von der VAV im 2021 lancierten Brancheninitiative beigetreten.\u00a0 Ihre Mitglieder setzen die definierten Massnahmen im Bereich der Verm\u00f6gensverwaltung fort und berichten \u00fcber ihre Fortschritte. Dieses Jahr wurden zwei neue Priorit\u00e4ten hinzugef\u00fcgt, um der im Dezember 2022 ver\u00f6ffentlichten\u00a0Strategie des Bundesrates zu entsprechen.\" \/>\n<meta property=\"og:url\" content=\"https:\/\/www.abps.ch\/les-membres-de-labps-poursuivent-leurs-efforts-en-matiere-de-finance-durable\/\" \/>\n<meta property=\"og:site_name\" content=\"ABPS\" \/>\n<meta property=\"article:published_time\" content=\"2023-09-20T05:01:42+00:00\" \/>\n<meta name=\"author\" content=\"Anja Tou\u00efl\" \/>\n<meta name=\"twitter:card\" content=\"summary_large_image\" \/>\n<meta name=\"twitter:label1\" content=\"Verfasst von\" \/>\n\t<meta name=\"twitter:data1\" content=\"Anja Tou\u00efl\" \/>\n<script type=\"application\/ld+json\" class=\"yoast-schema-graph\">{\"@context\":\"https:\\\/\\\/schema.org\",\"@graph\":[{\"@type\":\"Article\",\"@id\":\"https:\\\/\\\/www.abps.ch\\\/les-membres-de-labps-poursuivent-leurs-efforts-en-matiere-de-finance-durable\\\/#article\",\"isPartOf\":{\"@id\":\"https:\\\/\\\/www.abps.ch\\\/les-membres-de-labps-poursuivent-leurs-efforts-en-matiere-de-finance-durable\\\/\"},\"author\":{\"name\":\"Anja Tou\u00efl\",\"@id\":\"https:\\\/\\\/www.abps.ch\\\/#\\\/schema\\\/person\\\/e55c25765758e47734f546780935c81c\"},\"headline\":\"Die Mitglieder der VSPB setzen ihre Anstrengungen bez\u00fcglich Sustainable Finance fort\",\"datePublished\":\"2023-09-20T05:01:42+00:00\",\"mainEntityOfPage\":{\"@id\":\"https:\\\/\\\/www.abps.ch\\\/les-membres-de-labps-poursuivent-leurs-efforts-en-matiere-de-finance-durable\\\/\"},\"wordCount\":65,\"articleSection\":[\"Unkategorisiert\"],\"inLanguage\":\"de\"},{\"@type\":\"WebPage\",\"@id\":\"https:\\\/\\\/www.abps.ch\\\/les-membres-de-labps-poursuivent-leurs-efforts-en-matiere-de-finance-durable\\\/\",\"url\":\"https:\\\/\\\/www.abps.ch\\\/les-membres-de-labps-poursuivent-leurs-efforts-en-matiere-de-finance-durable\\\/\",\"name\":\"Die Mitglieder der VSPB setzen ihre Anstrengungen bez\u00fcglich Sustainable Finance fort - ABPS\",\"isPartOf\":{\"@id\":\"https:\\\/\\\/www.abps.ch\\\/#website\"},\"datePublished\":\"2023-09-20T05:01:42+00:00\",\"author\":{\"@id\":\"https:\\\/\\\/www.abps.ch\\\/#\\\/schema\\\/person\\\/e55c25765758e47734f546780935c81c\"},\"breadcrumb\":{\"@id\":\"https:\\\/\\\/www.abps.ch\\\/les-membres-de-labps-poursuivent-leurs-efforts-en-matiere-de-finance-durable\\\/#breadcrumb\"},\"inLanguage\":\"de\",\"potentialAction\":[{\"@type\":\"ReadAction\",\"target\":[\"https:\\\/\\\/www.abps.ch\\\/les-membres-de-labps-poursuivent-leurs-efforts-en-matiere-de-finance-durable\\\/\"]}]},{\"@type\":\"BreadcrumbList\",\"@id\":\"https:\\\/\\\/www.abps.ch\\\/les-membres-de-labps-poursuivent-leurs-efforts-en-matiere-de-finance-durable\\\/#breadcrumb\",\"itemListElement\":[{\"@type\":\"ListItem\",\"position\":1,\"name\":\"Home\",\"item\":\"https:\\\/\\\/www.abps.ch\\\/de\\\/\"},{\"@type\":\"ListItem\",\"position\":2,\"name\":\"Die Mitglieder der VSPB setzen ihre Anstrengungen bez\u00fcglich Sustainable Finance fort\"}]},{\"@type\":\"WebSite\",\"@id\":\"https:\\\/\\\/www.abps.ch\\\/#website\",\"url\":\"https:\\\/\\\/www.abps.ch\\\/\",\"name\":\"ABPS\",\"description\":\"\",\"potentialAction\":[{\"@type\":\"SearchAction\",\"target\":{\"@type\":\"EntryPoint\",\"urlTemplate\":\"https:\\\/\\\/www.abps.ch\\\/?s={search_term_string}\"},\"query-input\":{\"@type\":\"PropertyValueSpecification\",\"valueRequired\":true,\"valueName\":\"search_term_string\"}}],\"inLanguage\":\"de\"},{\"@type\":\"Person\",\"@id\":\"https:\\\/\\\/www.abps.ch\\\/#\\\/schema\\\/person\\\/e55c25765758e47734f546780935c81c\",\"name\":\"Anja Tou\u00efl\"}]}<\/script>\n<!-- \/ Yoast SEO plugin. -->","yoast_head_json":{"title":"Die Mitglieder der VSPB setzen ihre Anstrengungen bez\u00fcglich Sustainable Finance fort - ABPS","robots":{"index":"index","follow":"follow","max-snippet":"max-snippet:-1","max-image-preview":"max-image-preview:large","max-video-preview":"max-video-preview:-1"},"canonical":"https:\/\/www.abps.ch\/les-membres-de-labps-poursuivent-leurs-efforts-en-matiere-de-finance-durable\/","og_locale":"de_DE","og_type":"article","og_title":"Die Mitglieder der VSPB setzen ihre Anstrengungen bez\u00fcglich Sustainable Finance fort - ABPS","og_description":"Die Vereinigung Schweizerischer Privatbanken (VSPB) ist letztes Jahr der von der VAV im 2021 lancierten Brancheninitiative beigetreten.\u00a0 Ihre Mitglieder setzen die definierten Massnahmen im Bereich der Verm\u00f6gensverwaltung fort und berichten \u00fcber ihre Fortschritte. Dieses Jahr wurden zwei neue Priorit\u00e4ten hinzugef\u00fcgt, um der im Dezember 2022 ver\u00f6ffentlichten\u00a0Strategie des Bundesrates zu entsprechen.","og_url":"https:\/\/www.abps.ch\/les-membres-de-labps-poursuivent-leurs-efforts-en-matiere-de-finance-durable\/","og_site_name":"ABPS","article_published_time":"2023-09-20T05:01:42+00:00","author":"Anja Tou\u00efl","twitter_card":"summary_large_image","twitter_misc":{"Verfasst von":"Anja Tou\u00efl"},"schema":{"@context":"https:\/\/schema.org","@graph":[{"@type":"Article","@id":"https:\/\/www.abps.ch\/les-membres-de-labps-poursuivent-leurs-efforts-en-matiere-de-finance-durable\/#article","isPartOf":{"@id":"https:\/\/www.abps.ch\/les-membres-de-labps-poursuivent-leurs-efforts-en-matiere-de-finance-durable\/"},"author":{"name":"Anja Tou\u00efl","@id":"https:\/\/www.abps.ch\/#\/schema\/person\/e55c25765758e47734f546780935c81c"},"headline":"Die Mitglieder der VSPB setzen ihre Anstrengungen bez\u00fcglich Sustainable Finance fort","datePublished":"2023-09-20T05:01:42+00:00","mainEntityOfPage":{"@id":"https:\/\/www.abps.ch\/les-membres-de-labps-poursuivent-leurs-efforts-en-matiere-de-finance-durable\/"},"wordCount":65,"articleSection":["Unkategorisiert"],"inLanguage":"de"},{"@type":"WebPage","@id":"https:\/\/www.abps.ch\/les-membres-de-labps-poursuivent-leurs-efforts-en-matiere-de-finance-durable\/","url":"https:\/\/www.abps.ch\/les-membres-de-labps-poursuivent-leurs-efforts-en-matiere-de-finance-durable\/","name":"Die Mitglieder der VSPB setzen ihre Anstrengungen bez\u00fcglich Sustainable Finance fort - ABPS","isPartOf":{"@id":"https:\/\/www.abps.ch\/#website"},"datePublished":"2023-09-20T05:01:42+00:00","author":{"@id":"https:\/\/www.abps.ch\/#\/schema\/person\/e55c25765758e47734f546780935c81c"},"breadcrumb":{"@id":"https:\/\/www.abps.ch\/les-membres-de-labps-poursuivent-leurs-efforts-en-matiere-de-finance-durable\/#breadcrumb"},"inLanguage":"de","potentialAction":[{"@type":"ReadAction","target":["https:\/\/www.abps.ch\/les-membres-de-labps-poursuivent-leurs-efforts-en-matiere-de-finance-durable\/"]}]},{"@type":"BreadcrumbList","@id":"https:\/\/www.abps.ch\/les-membres-de-labps-poursuivent-leurs-efforts-en-matiere-de-finance-durable\/#breadcrumb","itemListElement":[{"@type":"ListItem","position":1,"name":"Home","item":"https:\/\/www.abps.ch\/de\/"},{"@type":"ListItem","position":2,"name":"Die Mitglieder der VSPB setzen ihre Anstrengungen bez\u00fcglich Sustainable Finance fort"}]},{"@type":"WebSite","@id":"https:\/\/www.abps.ch\/#website","url":"https:\/\/www.abps.ch\/","name":"ABPS","description":"","potentialAction":[{"@type":"SearchAction","target":{"@type":"EntryPoint","urlTemplate":"https:\/\/www.abps.ch\/?s={search_term_string}"},"query-input":{"@type":"PropertyValueSpecification","valueRequired":true,"valueName":"search_term_string"}}],"inLanguage":"de"},{"@type":"Person","@id":"https:\/\/www.abps.ch\/#\/schema\/person\/e55c25765758e47734f546780935c81c","name":"Anja Tou\u00efl"}]}},"_links":{"self":[{"href":"https:\/\/www.abps.ch\/de\/wp-json\/wp\/v2\/posts\/13117","targetHints":{"allow":["GET"]}}],"collection":[{"href":"https:\/\/www.abps.ch\/de\/wp-json\/wp\/v2\/posts"}],"about":[{"href":"https:\/\/www.abps.ch\/de\/wp-json\/wp\/v2\/types\/post"}],"author":[{"embeddable":true,"href":"https:\/\/www.abps.ch\/de\/wp-json\/wp\/v2\/users\/4"}],"replies":[{"embeddable":true,"href":"https:\/\/www.abps.ch\/de\/wp-json\/wp\/v2\/comments?post=13117"}],"version-history":[{"count":3,"href":"https:\/\/www.abps.ch\/de\/wp-json\/wp\/v2\/posts\/13117\/revisions"}],"predecessor-version":[{"id":13125,"href":"https:\/\/www.abps.ch\/de\/wp-json\/wp\/v2\/posts\/13117\/revisions\/13125"}],"wp:attachment":[{"href":"https:\/\/www.abps.ch\/de\/wp-json\/wp\/v2\/media?parent=13117"}],"wp:term":[{"taxonomy":"category","embeddable":true,"href":"https:\/\/www.abps.ch\/de\/wp-json\/wp\/v2\/categories?post=13117"},{"taxonomy":"post_tag","embeddable":true,"href":"https:\/\/www.abps.ch\/de\/wp-json\/wp\/v2\/tags?post=13117"}],"curies":[{"name":"wp","href":"https:\/\/api.w.org\/{rel}","templated":true}]}}