{"id":1022,"date":"2017-04-24T17:25:58","date_gmt":"2017-04-24T15:25:58","guid":{"rendered":"https:\/\/www.abps.ch\/entretiens-2014-avec-la-presse\/"},"modified":"2017-06-21T16:42:27","modified_gmt":"2017-06-21T14:42:27","slug":"entretiens-2014-avec-la-presse","status":"publish","type":"post","link":"https:\/\/www.abps.ch\/de\/entretiens-2014-avec-la-presse\/","title":{"rendered":"Mediengespr\u00e4ch 2014"},"content":{"rendered":"<p>Manche Beobachter scheinen davon auszugehen, dass die Schweiz keine Strategie f\u00fcr ihren Finanzplatz hat. Doch dieser Anschein tr\u00fcgt: Sie hat sogar mehrere Strategien! An strategischen Berichten voller guter Absichten hat es folglich nie gefehlt. Weniger positiv ist jedoch die Tatsache, dass ein Teil der Probleme, die bereits vor vier Jahren angesprochen wurden, immer noch nicht gel\u00f6st sind.<\/p>\n","protected":false},"excerpt":{"rendered":"<p>Manche Beobachter scheinen davon auszugehen, dass die Schweiz keine Strategie f\u00fcr ihren Finanzplatz hat. Doch dieser Anschein tr\u00fcgt: Sie hat sogar mehrere Strategien! An strategischen Berichten voller guter Absichten hat es folglich nie gefehlt. Weniger positiv ist jedoch die Tatsache, dass ein Teil der Probleme, die bereits vor vier Jahren angesprochen wurden, immer noch nicht &hellip; <\/p>\n<p class=\"link-more\"><a href=\"https:\/\/www.abps.ch\/de\/entretiens-2014-avec-la-presse\/\" class=\"more-link\"><span class=\"screen-reader-text\">\u201eMediengespr\u00e4ch 2014\u201c <\/span>weiterlesen<\/a><\/p>\n","protected":false},"author":1,"featured_media":0,"comment_status":"closed","ping_status":"open","sticky":false,"template":"","format":"standard","meta":{"_acf_changed":false,"footnotes":""},"categories":[2],"tags":[],"class_list":["post-1022","post","type-post","status-publish","format-standard","hentry","category-unkategorisiert"],"acf":[],"yoast_head":"<!-- This site is optimized with the Yoast SEO plugin v27.4 - https:\/\/yoast.com\/product\/yoast-seo-wordpress\/ -->\n<title>Mediengespr\u00e4ch 2014 - ABPS<\/title>\n<meta name=\"robots\" content=\"index, follow, max-snippet:-1, max-image-preview:large, max-video-preview:-1\" \/>\n<link rel=\"canonical\" href=\"https:\/\/www.abps.ch\/entretiens-2014-avec-la-presse\/\" \/>\n<meta property=\"og:locale\" content=\"de_DE\" \/>\n<meta property=\"og:type\" content=\"article\" \/>\n<meta property=\"og:title\" content=\"Mediengespr\u00e4ch 2014 - ABPS\" \/>\n<meta property=\"og:description\" content=\"Manche Beobachter scheinen davon auszugehen, dass die Schweiz keine Strategie f\u00fcr ihren Finanzplatz hat. Doch dieser Anschein tr\u00fcgt: Sie hat sogar mehrere Strategien! An strategischen Berichten voller guter Absichten hat es folglich nie gefehlt. Weniger positiv ist jedoch die Tatsache, dass ein Teil der Probleme, die bereits vor vier Jahren angesprochen wurden, immer noch nicht &hellip; \u201eMediengespr\u00e4ch 2014\u201c weiterlesen\" \/>\n<meta property=\"og:url\" content=\"https:\/\/www.abps.ch\/entretiens-2014-avec-la-presse\/\" \/>\n<meta property=\"og:site_name\" content=\"ABPS\" \/>\n<meta property=\"article:published_time\" content=\"2017-04-24T15:25:58+00:00\" \/>\n<meta property=\"article:modified_time\" content=\"2017-06-21T14:42:27+00:00\" \/>\n<meta name=\"author\" content=\"buxum\" \/>\n<meta name=\"twitter:card\" content=\"summary_large_image\" \/>\n<meta name=\"twitter:label1\" content=\"Verfasst von\" \/>\n\t<meta name=\"twitter:data1\" content=\"buxum\" \/>\n<script type=\"application\/ld+json\" class=\"yoast-schema-graph\">{\"@context\":\"https:\\\/\\\/schema.org\",\"@graph\":[{\"@type\":\"Article\",\"@id\":\"https:\\\/\\\/www.abps.ch\\\/entretiens-2014-avec-la-presse\\\/#article\",\"isPartOf\":{\"@id\":\"https:\\\/\\\/www.abps.ch\\\/entretiens-2014-avec-la-presse\\\/\"},\"author\":{\"name\":\"buxum\",\"@id\":\"https:\\\/\\\/www.abps.ch\\\/#\\\/schema\\\/person\\\/6c341875dfbdecaee5ff1ce4777f7de4\"},\"headline\":\"Mediengespr\u00e4ch 2014\",\"datePublished\":\"2017-04-24T15:25:58+00:00\",\"dateModified\":\"2017-06-21T14:42:27+00:00\",\"mainEntityOfPage\":{\"@id\":\"https:\\\/\\\/www.abps.ch\\\/entretiens-2014-avec-la-presse\\\/\"},\"wordCount\":62,\"articleSection\":[\"Unkategorisiert\"],\"inLanguage\":\"de\"},{\"@type\":\"WebPage\",\"@id\":\"https:\\\/\\\/www.abps.ch\\\/entretiens-2014-avec-la-presse\\\/\",\"url\":\"https:\\\/\\\/www.abps.ch\\\/entretiens-2014-avec-la-presse\\\/\",\"name\":\"Mediengespr\u00e4ch 2014 - ABPS\",\"isPartOf\":{\"@id\":\"https:\\\/\\\/www.abps.ch\\\/#website\"},\"datePublished\":\"2017-04-24T15:25:58+00:00\",\"dateModified\":\"2017-06-21T14:42:27+00:00\",\"author\":{\"@id\":\"https:\\\/\\\/www.abps.ch\\\/#\\\/schema\\\/person\\\/6c341875dfbdecaee5ff1ce4777f7de4\"},\"breadcrumb\":{\"@id\":\"https:\\\/\\\/www.abps.ch\\\/entretiens-2014-avec-la-presse\\\/#breadcrumb\"},\"inLanguage\":\"de\",\"potentialAction\":[{\"@type\":\"ReadAction\",\"target\":[\"https:\\\/\\\/www.abps.ch\\\/entretiens-2014-avec-la-presse\\\/\"]}]},{\"@type\":\"BreadcrumbList\",\"@id\":\"https:\\\/\\\/www.abps.ch\\\/entretiens-2014-avec-la-presse\\\/#breadcrumb\",\"itemListElement\":[{\"@type\":\"ListItem\",\"position\":1,\"name\":\"Home\",\"item\":\"https:\\\/\\\/www.abps.ch\\\/de\\\/\"},{\"@type\":\"ListItem\",\"position\":2,\"name\":\"Mediengespr\u00e4ch 2014\"}]},{\"@type\":\"WebSite\",\"@id\":\"https:\\\/\\\/www.abps.ch\\\/#website\",\"url\":\"https:\\\/\\\/www.abps.ch\\\/\",\"name\":\"ABPS\",\"description\":\"\",\"potentialAction\":[{\"@type\":\"SearchAction\",\"target\":{\"@type\":\"EntryPoint\",\"urlTemplate\":\"https:\\\/\\\/www.abps.ch\\\/?s={search_term_string}\"},\"query-input\":{\"@type\":\"PropertyValueSpecification\",\"valueRequired\":true,\"valueName\":\"search_term_string\"}}],\"inLanguage\":\"de\"},{\"@type\":\"Person\",\"@id\":\"https:\\\/\\\/www.abps.ch\\\/#\\\/schema\\\/person\\\/6c341875dfbdecaee5ff1ce4777f7de4\",\"name\":\"buxum\"}]}<\/script>\n<!-- \/ Yoast SEO plugin. -->","yoast_head_json":{"title":"Mediengespr\u00e4ch 2014 - ABPS","robots":{"index":"index","follow":"follow","max-snippet":"max-snippet:-1","max-image-preview":"max-image-preview:large","max-video-preview":"max-video-preview:-1"},"canonical":"https:\/\/www.abps.ch\/entretiens-2014-avec-la-presse\/","og_locale":"de_DE","og_type":"article","og_title":"Mediengespr\u00e4ch 2014 - ABPS","og_description":"Manche Beobachter scheinen davon auszugehen, dass die Schweiz keine Strategie f\u00fcr ihren Finanzplatz hat. Doch dieser Anschein tr\u00fcgt: Sie hat sogar mehrere Strategien! An strategischen Berichten voller guter Absichten hat es folglich nie gefehlt. Weniger positiv ist jedoch die Tatsache, dass ein Teil der Probleme, die bereits vor vier Jahren angesprochen wurden, immer noch nicht &hellip; \u201eMediengespr\u00e4ch 2014\u201c weiterlesen","og_url":"https:\/\/www.abps.ch\/entretiens-2014-avec-la-presse\/","og_site_name":"ABPS","article_published_time":"2017-04-24T15:25:58+00:00","article_modified_time":"2017-06-21T14:42:27+00:00","author":"buxum","twitter_card":"summary_large_image","twitter_misc":{"Verfasst von":"buxum"},"schema":{"@context":"https:\/\/schema.org","@graph":[{"@type":"Article","@id":"https:\/\/www.abps.ch\/entretiens-2014-avec-la-presse\/#article","isPartOf":{"@id":"https:\/\/www.abps.ch\/entretiens-2014-avec-la-presse\/"},"author":{"name":"buxum","@id":"https:\/\/www.abps.ch\/#\/schema\/person\/6c341875dfbdecaee5ff1ce4777f7de4"},"headline":"Mediengespr\u00e4ch 2014","datePublished":"2017-04-24T15:25:58+00:00","dateModified":"2017-06-21T14:42:27+00:00","mainEntityOfPage":{"@id":"https:\/\/www.abps.ch\/entretiens-2014-avec-la-presse\/"},"wordCount":62,"articleSection":["Unkategorisiert"],"inLanguage":"de"},{"@type":"WebPage","@id":"https:\/\/www.abps.ch\/entretiens-2014-avec-la-presse\/","url":"https:\/\/www.abps.ch\/entretiens-2014-avec-la-presse\/","name":"Mediengespr\u00e4ch 2014 - ABPS","isPartOf":{"@id":"https:\/\/www.abps.ch\/#website"},"datePublished":"2017-04-24T15:25:58+00:00","dateModified":"2017-06-21T14:42:27+00:00","author":{"@id":"https:\/\/www.abps.ch\/#\/schema\/person\/6c341875dfbdecaee5ff1ce4777f7de4"},"breadcrumb":{"@id":"https:\/\/www.abps.ch\/entretiens-2014-avec-la-presse\/#breadcrumb"},"inLanguage":"de","potentialAction":[{"@type":"ReadAction","target":["https:\/\/www.abps.ch\/entretiens-2014-avec-la-presse\/"]}]},{"@type":"BreadcrumbList","@id":"https:\/\/www.abps.ch\/entretiens-2014-avec-la-presse\/#breadcrumb","itemListElement":[{"@type":"ListItem","position":1,"name":"Home","item":"https:\/\/www.abps.ch\/de\/"},{"@type":"ListItem","position":2,"name":"Mediengespr\u00e4ch 2014"}]},{"@type":"WebSite","@id":"https:\/\/www.abps.ch\/#website","url":"https:\/\/www.abps.ch\/","name":"ABPS","description":"","potentialAction":[{"@type":"SearchAction","target":{"@type":"EntryPoint","urlTemplate":"https:\/\/www.abps.ch\/?s={search_term_string}"},"query-input":{"@type":"PropertyValueSpecification","valueRequired":true,"valueName":"search_term_string"}}],"inLanguage":"de"},{"@type":"Person","@id":"https:\/\/www.abps.ch\/#\/schema\/person\/6c341875dfbdecaee5ff1ce4777f7de4","name":"buxum"}]}},"_links":{"self":[{"href":"https:\/\/www.abps.ch\/de\/wp-json\/wp\/v2\/posts\/1022","targetHints":{"allow":["GET"]}}],"collection":[{"href":"https:\/\/www.abps.ch\/de\/wp-json\/wp\/v2\/posts"}],"about":[{"href":"https:\/\/www.abps.ch\/de\/wp-json\/wp\/v2\/types\/post"}],"author":[{"embeddable":true,"href":"https:\/\/www.abps.ch\/de\/wp-json\/wp\/v2\/users\/1"}],"replies":[{"embeddable":true,"href":"https:\/\/www.abps.ch\/de\/wp-json\/wp\/v2\/comments?post=1022"}],"version-history":[{"count":3,"href":"https:\/\/www.abps.ch\/de\/wp-json\/wp\/v2\/posts\/1022\/revisions"}],"predecessor-version":[{"id":2597,"href":"https:\/\/www.abps.ch\/de\/wp-json\/wp\/v2\/posts\/1022\/revisions\/2597"}],"wp:attachment":[{"href":"https:\/\/www.abps.ch\/de\/wp-json\/wp\/v2\/media?parent=1022"}],"wp:term":[{"taxonomy":"category","embeddable":true,"href":"https:\/\/www.abps.ch\/de\/wp-json\/wp\/v2\/categories?post=1022"},{"taxonomy":"post_tag","embeddable":true,"href":"https:\/\/www.abps.ch\/de\/wp-json\/wp\/v2\/tags?post=1022"}],"curies":[{"name":"wp","href":"https:\/\/api.w.org\/{rel}","templated":true}]}}