{"id":1001,"date":"2017-04-24T17:15:21","date_gmt":"2017-04-24T15:15:21","guid":{"rendered":"https:\/\/www.abps.ch\/pour-defendre-la-place-financiere-suisse-2\/"},"modified":"2017-06-21T16:43:52","modified_gmt":"2017-06-21T14:43:52","slug":"den-schweizerischen-finanzplatz-wehren-2","status":"publish","type":"post","link":"https:\/\/www.abps.ch\/de\/den-schweizerischen-finanzplatz-wehren-2\/","title":{"rendered":"Den schweizerischen Finanzplatz wehren"},"content":{"rendered":"<p><em>Christoph B. Gloor, Teilhaber, La Roche &amp; Co SCA, Basel<\/em><\/p>\n<p>Dieser Jahresbericht gibt einen \u00dcberblick \u00fcber die Entwicklung in den zentralen Dossiers, mit welchen sich die VSPB in den letzten zw\u00f6lf Monaten auseinandergesetzt hat.<\/p>\n<div>Die Schweiz hat auch bewiesen, dass sie sehr wettbewerbsf\u00e4hig sein kann. Ihre St\u00e4rke beruht auf seiner \u00d6ffnung, seiner Stabilit\u00e4t und der Vorhersehbarkeit ihres rechtlichen Rahmens. Im Verm\u00f6gensverwaltungsgesch\u00e4ft ist unser Finanzplatz sogar weltweit f\u00fchrend. Um diesen ersten Rang zu verteidigen, muss sich unser Land jedoch einer harten Disziplin unterwerfen: Es muss sich in allen wichtigen Bereichen mit den Konkurrenten messen, die ihm diesen ersten Platz streitig machen wollen.<\/div>\n","protected":false},"excerpt":{"rendered":"<p>Christoph B. Gloor, Teilhaber, La Roche &amp; Co SCA, Basel Dieser Jahresbericht gibt einen \u00dcberblick \u00fcber die Entwicklung in den zentralen Dossiers, mit welchen sich die VSPB in den letzten zw\u00f6lf Monaten auseinandergesetzt hat. Die Schweiz hat auch bewiesen, dass sie sehr wettbewerbsf\u00e4hig sein kann. Ihre St\u00e4rke beruht auf seiner \u00d6ffnung, seiner Stabilit\u00e4t und der &hellip; <\/p>\n<p class=\"link-more\"><a href=\"https:\/\/www.abps.ch\/de\/den-schweizerischen-finanzplatz-wehren-2\/\" class=\"more-link\"><span class=\"screen-reader-text\">\u201eDen schweizerischen Finanzplatz wehren\u201c <\/span>weiterlesen<\/a><\/p>\n","protected":false},"author":1,"featured_media":0,"comment_status":"closed","ping_status":"open","sticky":false,"template":"","format":"standard","meta":{"_acf_changed":false,"footnotes":""},"categories":[2],"tags":[],"class_list":["post-1001","post","type-post","status-publish","format-standard","hentry","category-unkategorisiert"],"acf":[],"yoast_head":"<!-- This site is optimized with the Yoast SEO plugin v27.4 - https:\/\/yoast.com\/product\/yoast-seo-wordpress\/ -->\n<title>Den schweizerischen Finanzplatz wehren - ABPS<\/title>\n<meta name=\"robots\" content=\"index, follow, max-snippet:-1, max-image-preview:large, max-video-preview:-1\" \/>\n<link rel=\"canonical\" href=\"https:\/\/www.abps.ch\/pour-defendre-la-place-financiere-suisse-2\/\" \/>\n<meta property=\"og:locale\" content=\"de_DE\" \/>\n<meta property=\"og:type\" content=\"article\" \/>\n<meta property=\"og:title\" content=\"Den schweizerischen Finanzplatz wehren - ABPS\" \/>\n<meta property=\"og:description\" content=\"Christoph B. Gloor, Teilhaber, La Roche &amp; Co SCA, Basel Dieser Jahresbericht gibt einen \u00dcberblick \u00fcber die Entwicklung in den zentralen Dossiers, mit welchen sich die VSPB in den letzten zw\u00f6lf Monaten auseinandergesetzt hat. Die Schweiz hat auch bewiesen, dass sie sehr wettbewerbsf\u00e4hig sein kann. Ihre St\u00e4rke beruht auf seiner \u00d6ffnung, seiner Stabilit\u00e4t und der &hellip; \u201eDen schweizerischen Finanzplatz wehren\u201c weiterlesen\" \/>\n<meta property=\"og:url\" content=\"https:\/\/www.abps.ch\/pour-defendre-la-place-financiere-suisse-2\/\" \/>\n<meta property=\"og:site_name\" content=\"ABPS\" \/>\n<meta property=\"article:published_time\" content=\"2017-04-24T15:15:21+00:00\" \/>\n<meta property=\"article:modified_time\" content=\"2017-06-21T14:43:52+00:00\" \/>\n<meta name=\"author\" content=\"buxum\" \/>\n<meta name=\"twitter:card\" content=\"summary_large_image\" \/>\n<meta name=\"twitter:label1\" content=\"Verfasst von\" \/>\n\t<meta name=\"twitter:data1\" content=\"buxum\" \/>\n\t<meta name=\"twitter:label2\" content=\"Gesch\u00e4tzte Lesezeit\" \/>\n\t<meta name=\"twitter:data2\" content=\"1\u00a0Minute\" \/>\n<script type=\"application\/ld+json\" class=\"yoast-schema-graph\">{\"@context\":\"https:\\\/\\\/schema.org\",\"@graph\":[{\"@type\":\"Article\",\"@id\":\"https:\\\/\\\/www.abps.ch\\\/pour-defendre-la-place-financiere-suisse-2\\\/#article\",\"isPartOf\":{\"@id\":\"https:\\\/\\\/www.abps.ch\\\/pour-defendre-la-place-financiere-suisse-2\\\/\"},\"author\":{\"name\":\"buxum\",\"@id\":\"https:\\\/\\\/www.abps.ch\\\/#\\\/schema\\\/person\\\/6c341875dfbdecaee5ff1ce4777f7de4\"},\"headline\":\"Den schweizerischen Finanzplatz wehren\",\"datePublished\":\"2017-04-24T15:15:21+00:00\",\"dateModified\":\"2017-06-21T14:43:52+00:00\",\"mainEntityOfPage\":{\"@id\":\"https:\\\/\\\/www.abps.ch\\\/pour-defendre-la-place-financiere-suisse-2\\\/\"},\"wordCount\":112,\"articleSection\":[\"Unkategorisiert\"],\"inLanguage\":\"de\"},{\"@type\":\"WebPage\",\"@id\":\"https:\\\/\\\/www.abps.ch\\\/pour-defendre-la-place-financiere-suisse-2\\\/\",\"url\":\"https:\\\/\\\/www.abps.ch\\\/pour-defendre-la-place-financiere-suisse-2\\\/\",\"name\":\"Den schweizerischen Finanzplatz wehren - ABPS\",\"isPartOf\":{\"@id\":\"https:\\\/\\\/www.abps.ch\\\/#website\"},\"datePublished\":\"2017-04-24T15:15:21+00:00\",\"dateModified\":\"2017-06-21T14:43:52+00:00\",\"author\":{\"@id\":\"https:\\\/\\\/www.abps.ch\\\/#\\\/schema\\\/person\\\/6c341875dfbdecaee5ff1ce4777f7de4\"},\"breadcrumb\":{\"@id\":\"https:\\\/\\\/www.abps.ch\\\/pour-defendre-la-place-financiere-suisse-2\\\/#breadcrumb\"},\"inLanguage\":\"de\",\"potentialAction\":[{\"@type\":\"ReadAction\",\"target\":[\"https:\\\/\\\/www.abps.ch\\\/pour-defendre-la-place-financiere-suisse-2\\\/\"]}]},{\"@type\":\"BreadcrumbList\",\"@id\":\"https:\\\/\\\/www.abps.ch\\\/pour-defendre-la-place-financiere-suisse-2\\\/#breadcrumb\",\"itemListElement\":[{\"@type\":\"ListItem\",\"position\":1,\"name\":\"Home\",\"item\":\"https:\\\/\\\/www.abps.ch\\\/de\\\/\"},{\"@type\":\"ListItem\",\"position\":2,\"name\":\"Den schweizerischen Finanzplatz wehren\"}]},{\"@type\":\"WebSite\",\"@id\":\"https:\\\/\\\/www.abps.ch\\\/#website\",\"url\":\"https:\\\/\\\/www.abps.ch\\\/\",\"name\":\"ABPS\",\"description\":\"\",\"potentialAction\":[{\"@type\":\"SearchAction\",\"target\":{\"@type\":\"EntryPoint\",\"urlTemplate\":\"https:\\\/\\\/www.abps.ch\\\/?s={search_term_string}\"},\"query-input\":{\"@type\":\"PropertyValueSpecification\",\"valueRequired\":true,\"valueName\":\"search_term_string\"}}],\"inLanguage\":\"de\"},{\"@type\":\"Person\",\"@id\":\"https:\\\/\\\/www.abps.ch\\\/#\\\/schema\\\/person\\\/6c341875dfbdecaee5ff1ce4777f7de4\",\"name\":\"buxum\"}]}<\/script>\n<!-- \/ Yoast SEO plugin. -->","yoast_head_json":{"title":"Den schweizerischen Finanzplatz wehren - ABPS","robots":{"index":"index","follow":"follow","max-snippet":"max-snippet:-1","max-image-preview":"max-image-preview:large","max-video-preview":"max-video-preview:-1"},"canonical":"https:\/\/www.abps.ch\/pour-defendre-la-place-financiere-suisse-2\/","og_locale":"de_DE","og_type":"article","og_title":"Den schweizerischen Finanzplatz wehren - ABPS","og_description":"Christoph B. Gloor, Teilhaber, La Roche &amp; Co SCA, Basel Dieser Jahresbericht gibt einen \u00dcberblick \u00fcber die Entwicklung in den zentralen Dossiers, mit welchen sich die VSPB in den letzten zw\u00f6lf Monaten auseinandergesetzt hat. Die Schweiz hat auch bewiesen, dass sie sehr wettbewerbsf\u00e4hig sein kann. Ihre St\u00e4rke beruht auf seiner \u00d6ffnung, seiner Stabilit\u00e4t und der &hellip; \u201eDen schweizerischen Finanzplatz wehren\u201c weiterlesen","og_url":"https:\/\/www.abps.ch\/pour-defendre-la-place-financiere-suisse-2\/","og_site_name":"ABPS","article_published_time":"2017-04-24T15:15:21+00:00","article_modified_time":"2017-06-21T14:43:52+00:00","author":"buxum","twitter_card":"summary_large_image","twitter_misc":{"Verfasst von":"buxum","Gesch\u00e4tzte Lesezeit":"1\u00a0Minute"},"schema":{"@context":"https:\/\/schema.org","@graph":[{"@type":"Article","@id":"https:\/\/www.abps.ch\/pour-defendre-la-place-financiere-suisse-2\/#article","isPartOf":{"@id":"https:\/\/www.abps.ch\/pour-defendre-la-place-financiere-suisse-2\/"},"author":{"name":"buxum","@id":"https:\/\/www.abps.ch\/#\/schema\/person\/6c341875dfbdecaee5ff1ce4777f7de4"},"headline":"Den schweizerischen Finanzplatz wehren","datePublished":"2017-04-24T15:15:21+00:00","dateModified":"2017-06-21T14:43:52+00:00","mainEntityOfPage":{"@id":"https:\/\/www.abps.ch\/pour-defendre-la-place-financiere-suisse-2\/"},"wordCount":112,"articleSection":["Unkategorisiert"],"inLanguage":"de"},{"@type":"WebPage","@id":"https:\/\/www.abps.ch\/pour-defendre-la-place-financiere-suisse-2\/","url":"https:\/\/www.abps.ch\/pour-defendre-la-place-financiere-suisse-2\/","name":"Den schweizerischen Finanzplatz wehren - ABPS","isPartOf":{"@id":"https:\/\/www.abps.ch\/#website"},"datePublished":"2017-04-24T15:15:21+00:00","dateModified":"2017-06-21T14:43:52+00:00","author":{"@id":"https:\/\/www.abps.ch\/#\/schema\/person\/6c341875dfbdecaee5ff1ce4777f7de4"},"breadcrumb":{"@id":"https:\/\/www.abps.ch\/pour-defendre-la-place-financiere-suisse-2\/#breadcrumb"},"inLanguage":"de","potentialAction":[{"@type":"ReadAction","target":["https:\/\/www.abps.ch\/pour-defendre-la-place-financiere-suisse-2\/"]}]},{"@type":"BreadcrumbList","@id":"https:\/\/www.abps.ch\/pour-defendre-la-place-financiere-suisse-2\/#breadcrumb","itemListElement":[{"@type":"ListItem","position":1,"name":"Home","item":"https:\/\/www.abps.ch\/de\/"},{"@type":"ListItem","position":2,"name":"Den schweizerischen Finanzplatz wehren"}]},{"@type":"WebSite","@id":"https:\/\/www.abps.ch\/#website","url":"https:\/\/www.abps.ch\/","name":"ABPS","description":"","potentialAction":[{"@type":"SearchAction","target":{"@type":"EntryPoint","urlTemplate":"https:\/\/www.abps.ch\/?s={search_term_string}"},"query-input":{"@type":"PropertyValueSpecification","valueRequired":true,"valueName":"search_term_string"}}],"inLanguage":"de"},{"@type":"Person","@id":"https:\/\/www.abps.ch\/#\/schema\/person\/6c341875dfbdecaee5ff1ce4777f7de4","name":"buxum"}]}},"_links":{"self":[{"href":"https:\/\/www.abps.ch\/de\/wp-json\/wp\/v2\/posts\/1001","targetHints":{"allow":["GET"]}}],"collection":[{"href":"https:\/\/www.abps.ch\/de\/wp-json\/wp\/v2\/posts"}],"about":[{"href":"https:\/\/www.abps.ch\/de\/wp-json\/wp\/v2\/types\/post"}],"author":[{"embeddable":true,"href":"https:\/\/www.abps.ch\/de\/wp-json\/wp\/v2\/users\/1"}],"replies":[{"embeddable":true,"href":"https:\/\/www.abps.ch\/de\/wp-json\/wp\/v2\/comments?post=1001"}],"version-history":[{"count":5,"href":"https:\/\/www.abps.ch\/de\/wp-json\/wp\/v2\/posts\/1001\/revisions"}],"predecessor-version":[{"id":2601,"href":"https:\/\/www.abps.ch\/de\/wp-json\/wp\/v2\/posts\/1001\/revisions\/2601"}],"wp:attachment":[{"href":"https:\/\/www.abps.ch\/de\/wp-json\/wp\/v2\/media?parent=1001"}],"wp:term":[{"taxonomy":"category","embeddable":true,"href":"https:\/\/www.abps.ch\/de\/wp-json\/wp\/v2\/categories?post=1001"},{"taxonomy":"post_tag","embeddable":true,"href":"https:\/\/www.abps.ch\/de\/wp-json\/wp\/v2\/tags?post=1001"}],"curies":[{"name":"wp","href":"https:\/\/api.w.org\/{rel}","templated":true}]}}